{"id":8000,"date":"2026-09-03T06:16:29","date_gmt":"2026-09-03T06:16:29","guid":{"rendered":"https:\/\/www.anteaprevencion.com\/?p=8000"},"modified":"2026-09-03T06:30:37","modified_gmt":"2026-09-03T06:30:37","slug":"vuelta-al-trabajo-claves-para-una-reincorporacion-segura","status":"publish","type":"post","link":"https:\/\/www.anteaprevencion.com\/ca\/vuelta-al-trabajo-claves-para-una-reincorporacion-segura\/","title":{"rendered":"Vuelta al trabajo: claves para una reincorporaci\u00f3n segura"},"content":{"rendered":"<h1 class=\"wp-block-heading\"><strong>Vuelta al trabajo: claves para una reincorporaci\u00f3n segura<\/strong><\/h1>\n\n\n\n<p class=\"wp-block-paragraph\">Septiembre marca para muchas empresas el inicio de una nueva etapa tras el periodo estival. Equipos que regresan de vacaciones, incorporaci\u00f3n de nuevos trabajadores, reactivaci\u00f3n de proyectos y un aumento progresivo de la actividad hacen que este mes sea uno de los momentos m\u00e1s importantes para revisar la gesti\u00f3n preventiva de la organizaci\u00f3n.<\/p>\n\n\n\n<div class=\"schema-faq wp-block-yoast-faq-block\"><\/div>\n\n\n\n<p class=\"wp-block-paragraph\">Aunque la vuelta al trabajo suele centrarse en aspectos organizativos o productivos, no debe olvidarse que la prevenci\u00f3n de riesgos laborales tambi\u00e9n necesita una puesta al d\u00eda. Una revisi\u00f3n a tiempo puede evitar accidentes, mejorar la coordinaci\u00f3n entre equipos y garantizar que la empresa contin\u00faa cumpliendo con sus obligaciones legales.<\/p>\n\n\n\n<p class=\"wp-block-paragraph\">En este art\u00edculo repasamos los principales aspectos que conviene revisar antes de retomar la actividad con normalidad y compartimos un checklist pr\u00e1ctico que puede servir como gu\u00eda para cualquier organizaci\u00f3n.<\/p>\n\n\n\n<h2 class=\"wp-block-heading\"><strong>\u00bfPor qu\u00e9 aumenta el riesgo de accidentes tras las vacaciones?<\/strong><\/h2>\n\n\n\n<p class=\"wp-block-paragraph\">Diversos estudios sobre seguridad laboral muestran que los primeros d\u00edas tras un periodo vacacional requieren una especial atenci\u00f3n. Aunque no existe una relaci\u00f3n directa entre las vacaciones y el aumento de la siniestralidad, s\u00ed confluyen diversos factores que pueden favorecer la aparici\u00f3n de incidentes.<\/p>\n\n\n\n<p class=\"wp-block-paragraph\">Entre ellos destacan:<\/p>\n\n\n\n<ul class=\"wp-block-list\">\n<li>P\u00e9rdida de rutinas de trabajo.<\/li>\n\n\n\n<li>Disminuci\u00f3n de la concentraci\u00f3n durante los primeros d\u00edas.<\/li>\n\n\n\n<li>Cambios en la organizaci\u00f3n.<\/li>\n\n\n\n<li>Incorporaci\u00f3n de personal nuevo.<\/li>\n\n\n\n<li>Inicio de nuevos proyectos.<\/li>\n\n\n\n<li>Maquinaria que ha permanecido parada durante semanas.<\/li>\n\n\n\n<li>Modificaciones en instalaciones o procesos.<\/li>\n<\/ul>\n\n\n\n<p class=\"wp-block-paragraph\">La prevenci\u00f3n consiste precisamente en anticiparse a estas situaciones antes de que se conviertan en un problema.<\/p>\n\n\n\n<h2 class=\"wp-block-heading\"><strong>La prevenci\u00f3n empieza antes del primer d\u00eda<\/strong><\/h2>\n\n\n\n<p class=\"wp-block-paragraph\">Preparar la vuelta al trabajo no significa \u00fanicamente abrir las instalaciones o volver a encender los equipos. Es recomendable realizar una revisi\u00f3n previa que permita comprobar que todo contin\u00faa funcionando de forma segura.<\/p>\n\n\n\n<p class=\"wp-block-paragraph\">Antes de la reincorporaci\u00f3n de la plantilla conviene revisar:<\/p>\n\n\n\n<ul class=\"wp-block-list\">\n<li>El estado de las instalaciones.<\/li>\n\n\n\n<li>Equipos de trabajo y maquinaria.<\/li>\n\n\n\n<li>Sistemas contra incendios.<\/li>\n\n\n\n<li>Se\u00f1alizaci\u00f3n.<\/li>\n\n\n\n<li>Botiquines.<\/li>\n\n\n\n<li>Equipos de protecci\u00f3n individual.<\/li>\n\n\n\n<li>Iluminaci\u00f3n y climatizaci\u00f3n.<\/li>\n\n\n\n<li>Limpieza y orden de las zonas de trabajo.<\/li>\n<\/ul>\n\n\n\n<p class=\"wp-block-paragraph\">Esta comprobaci\u00f3n inicial ayuda a detectar peque\u00f1as incidencias que, de otra forma, podr\u00edan convertirse en un riesgo.<\/p>\n\n\n\n<h2 class=\"wp-block-heading\"><strong>Revisar la evaluaci\u00f3n de riesgos: una oportunidad para mejorar<\/strong><\/h2>\n\n\n\n<p class=\"wp-block-paragraph\">La evaluaci\u00f3n de riesgos laborales no es un documento est\u00e1tico. Debe mantenerse actualizada siempre que cambien las condiciones de trabajo o se introduzcan modificaciones relevantes en la empresa.<\/p>\n\n\n\n<p class=\"wp-block-paragraph\">El inicio del curso laboral puede ser un buen momento para preguntarse:<\/p>\n\n\n\n<ul class=\"wp-block-list\">\n<li>\u00bfSe han incorporado nuevos puestos?<\/li>\n\n\n\n<li>\u00bfHan cambiado las funciones de alg\u00fan trabajador?<\/li>\n\n\n\n<li>\u00bfSe utilizan nuevas herramientas?<\/li>\n\n\n\n<li>\u00bfSe han modificado procesos de trabajo?<\/li>\n\n\n\n<li>\u00bfExisten nuevos riesgos derivados del calor, la carga de trabajo o la organizaci\u00f3n?<\/li>\n<\/ul>\n\n\n\n<p class=\"wp-block-paragraph\">Responder a estas cuestiones permitir\u00e1 determinar si la evaluaci\u00f3n necesita actualizarse y si deben implantarse nuevas medidas preventivas.<\/p>\n\n\n\n<p class=\"wp-block-paragraph\">Adem\u00e1s, revisar la planificaci\u00f3n preventiva peri\u00f3dicamente facilita que las acciones previstas no queden simplemente recogidas en un documento, sino que realmente se lleven a cabo.<\/p>\n\n\n\n<h2 class=\"wp-block-heading\"><strong>Formaci\u00f3n e informaci\u00f3n: dos pilares fundamentales<\/strong><\/h2>\n\n\n\n<p class=\"wp-block-paragraph\">Uno de los errores m\u00e1s habituales tras el verano es asumir que todo el personal recuerda perfectamente los procedimientos de trabajo.<\/p>\n\n\n\n<p class=\"wp-block-paragraph\">Sin embargo, despu\u00e9s de varias semanas alejados de la actividad es recomendable reforzar determinados aspectos, especialmente cuando existen tareas de especial riesgo.<\/p>\n\n\n\n<p class=\"wp-block-paragraph\">Es un buen momento para recordar:<\/p>\n\n\n\n<ul class=\"wp-block-list\">\n<li>Procedimientos de emergencia.<\/li>\n\n\n\n<li>Uso correcto de equipos de protecci\u00f3n individual.<\/li>\n\n\n\n<li>Normas internas de seguridad.<\/li>\n\n\n\n<li>Protocolos espec\u00edficos de determinados puestos.<\/li>\n\n\n\n<li>Riesgos propios de cada actividad.<\/li>\n<\/ul>\n\n\n\n<p class=\"wp-block-paragraph\">Cuando adem\u00e1s se incorporan nuevos trabajadores, la formaci\u00f3n inicial adquiere una importancia a\u00fan mayor. Una acogida preventiva adecuada no solo ayuda a cumplir con la normativa, sino que facilita la integraci\u00f3n del trabajador y reduce considerablemente el riesgo de accidentes durante sus primeras semanas.<\/p>\n\n\n\n<h2 class=\"wp-block-heading\"><strong>Checklist para una vuelta al trabajo segura<\/strong><\/h2>\n\n\n\n<p class=\"wp-block-paragraph\">Antes de retomar la actividad, comprueba que tu empresa ha revisado los siguientes puntos:<\/p>\n\n\n\n<ul class=\"wp-block-list\">\n<li>Instalaciones en buen estado.<\/li>\n\n\n\n<li>Equipos de trabajo revisados.<\/li>\n\n\n\n<li>Evaluaci\u00f3n de riesgos actualizada.<\/li>\n\n\n\n<li>Planificaci\u00f3n preventiva revisada.<\/li>\n\n\n\n<li>Formaci\u00f3n al d\u00eda.<\/li>\n\n\n\n<li>EPIs disponibles y en buen estado.<\/li>\n\n\n\n<li>Se\u00f1alizaci\u00f3n correcta.<\/li>\n\n\n\n<li>Protocolos de emergencia actualizados.<\/li>\n\n\n\n<li>Coordinaci\u00f3n con empresas externas, si procede.<\/li>\n\n\n\n<li>Informaci\u00f3n comunicada a toda la plantilla.<\/li>\n<\/ul>\n\n\n\n<p class=\"wp-block-paragraph\">Este checklist puede utilizarse como una revisi\u00f3n r\u00e1pida antes del inicio de la actividad y ayuda a identificar aspectos que quiz\u00e1 hayan pasado desapercibidos durante el periodo vacacional.<\/p>\n\n\n\n<h2 class=\"wp-block-heading\"><strong>La prevenci\u00f3n como parte de la estrategia empresarial<\/strong><\/h2>\n\n\n\n<p class=\"wp-block-paragraph\">La prevenci\u00f3n de riesgos laborales no debe entenderse \u00fanicamente como una obligaci\u00f3n legal. Una empresa que planifica correctamente la seguridad de sus trabajadores consigue beneficios que van mucho m\u00e1s all\u00e1 del cumplimiento normativo.<\/p>\n\n\n\n<p class=\"wp-block-paragraph\">Una adecuada gesti\u00f3n preventiva contribuye a reducir accidentes, disminuir el absentismo, mejorar el clima laboral y aumentar la productividad. Adem\u00e1s, transmite una imagen de profesionalidad y compromiso tanto a trabajadores como a clientes y colaboradores.<\/p>\n\n\n\n<p class=\"wp-block-paragraph\">La vuelta al trabajo representa una excelente oportunidad para revisar procesos, actualizar documentaci\u00f3n y reforzar la cultura preventiva de la organizaci\u00f3n.<\/p>\n\n\n\n<p class=\"wp-block-paragraph\">En Antea Prevenci\u00f3n acompa\u00f1amos a empresas de todos los sectores para que la seguridad y la salud formen parte de su d\u00eda a d\u00eda, ofreciendo asesoramiento t\u00e9cnico, formaci\u00f3n y soluciones adaptadas a cada organizaci\u00f3n.<\/p>\n\n\n\n<h2 class=\"wp-block-heading\"><strong>Preguntas frecuentes (FAQ)<\/strong><\/h2>\n\n\n\n<h3 class=\"wp-block-heading\"><strong>\u00bfEs obligatorio revisar la evaluaci\u00f3n de riesgos despu\u00e9s de las vacaciones?<\/strong><\/h3>\n\n\n\n<p class=\"wp-block-paragraph\">No por el hecho de haber disfrutado de un periodo vacacional. Sin embargo, si durante ese tiempo se han producido cambios en las instalaciones, procesos, equipos o condiciones de trabajo, la empresa debe valorar si la evaluaci\u00f3n necesita actualizarse.<\/p>\n\n\n\n<h3 class=\"wp-block-heading\"><strong>\u00bfHay que volver a impartir formaci\u00f3n preventiva tras las vacaciones?<\/strong><\/h3>\n\n\n\n<p class=\"wp-block-paragraph\">No necesariamente, aunque es recomendable recordar procedimientos y normas de seguridad, especialmente cuando existen tareas de riesgo o se incorporan nuevos trabajadores.<\/p>\n\n\n\n<h3 class=\"wp-block-heading\"><strong>\u00bfQu\u00e9 aspectos conviene revisar antes de la reincorporaci\u00f3n?<\/strong><\/h3>\n\n\n\n<p class=\"wp-block-paragraph\">Las instalaciones, la maquinaria, los equipos de protecci\u00f3n, la se\u00f1alizaci\u00f3n, los protocolos de emergencia y la documentaci\u00f3n preventiva, entre otros elementos.<\/p>\n\n\n\n<h2 class=\"wp-block-heading\"><strong>\u00bfQuieres que preparemos juntos la vuelta al trabajo de tu empresa?<\/strong><\/h2>\n\n\n\n<p class=\"wp-block-paragraph\">En Antea Prevenci\u00f3n ayudamos a organizaciones de todos los sectores a implantar una prevenci\u00f3n eficaz, adaptada a su actividad y alineada con la normativa vigente.<\/p>\n\n\n\n<p class=\"wp-block-paragraph\">Si quieres revisar la situaci\u00f3n preventiva de tu empresa o resolver cualquier duda, estaremos encantados de ayudarte.<\/p>\n\n\n\n<figure class=\"wp-block-image size-large\"><a href=\"https:\/\/www.anteaprevencion.com\/ca\/presupuesto-prevencion-riesgos-laborales\/\" target=\"_blank\" rel=\"noopener\"><img decoding=\"async\" src=\"https:\/\/www.anteaprevencion.com\/wp-content\/uploads\/2025\/04\/Banner-Antea-Prevencion.gif\" alt=\"\"\/><\/a><\/figure>\n\n\n\n<p class=\"wp-block-paragraph\"><\/p>\n\n\n\n<p class=\"wp-block-paragraph\"><\/p>","protected":false},"excerpt":{"rendered":"<p>Vuelta al trabajo: claves para una reincorporaci\u00f3n segura Septiembre marca para muchas empresas el inicio de una nueva etapa tras el periodo estival. Equipos que regresan de vacaciones, incorporaci\u00f3n de nuevos trabajadores, reactivaci\u00f3n de proyectos y un aumento progresivo de la actividad hacen que este mes sea uno de los momentos m\u00e1s importantes para revisar &#8230; <a title=\"Vuelta al trabajo: claves para una reincorporaci\u00f3n segura\" class=\"read-more\" href=\"https:\/\/www.anteaprevencion.com\/ca\/vuelta-al-trabajo-claves-para-una-reincorporacion-segura\/\" aria-label=\"M\u00e9s informaci\u00f3 sobre Vuelta al trabajo: claves para una reincorporaci\u00f3n segura\">Llegiu m\u00e9s<\/a><\/p>","protected":false},"author":5,"featured_media":7997,"comment_status":"closed","ping_status":"closed","sticky":false,"template":"","format":"standard","meta":{"_acf_changed":false,"footnotes":""},"categories":[106],"tags":[222,221,228,227],"class_list":["post-8000","post","type-post","status-publish","format-standard","has-post-thumbnail","hentry","category-articulos-de-actualidad","tag-errores-riesgos-prl","tag-evita-errores-de-prevencion","tag-riesgos-laborales-y-salud","tag-seguridad-prl"],"acf":[],"yoast_head":"<!-- This site is optimized with the Yoast SEO plugin v28.1 - https:\/\/yoast.com\/product\/yoast-seo-wordpress\/ -->\r\n<title>Vuelta al trabajo: Claves PRL<\/title>\r\n<meta name=\"description\" content=\"Septiembre marca para muchas empresas el inicio de una nueva etapa tras el periodo estival. Equipos que regresan de vacaciones, incorporaci\u00f3n de nuevos trabajadores, reactivaci\u00f3n de proyectos y un aumento progresivo de la actividad hacen que este mes sea uno de los momentos m\u00e1s importantes para revisar la gesti\u00f3n preventiva de la organizaci\u00f3n.\" \/>\r\n<meta name=\"robots\" content=\"index, follow, max-snippet:-1, max-image-preview:large, max-video-preview:-1\" \/>\r\n<link rel=\"canonical\" href=\"https:\/\/www.anteaprevencion.com\/ca\/vuelta-al-trabajo-claves-para-una-reincorporacion-segura\/\" \/>\r\n<meta property=\"og:locale\" content=\"ca_ES\" \/>\r\n<meta property=\"og:type\" content=\"article\" \/>\r\n<meta property=\"og:title\" content=\"Vuelta al trabajo: Claves PRL\" \/>\r\n<meta property=\"og:description\" content=\"Septiembre marca para muchas empresas el inicio de una nueva etapa tras el periodo estival. Equipos que regresan de vacaciones, incorporaci\u00f3n de nuevos trabajadores, reactivaci\u00f3n de proyectos y un aumento progresivo de la actividad hacen que este mes sea uno de los momentos m\u00e1s importantes para revisar la gesti\u00f3n preventiva de la organizaci\u00f3n.\" \/>\r\n<meta property=\"og:url\" content=\"https:\/\/www.anteaprevencion.com\/ca\/vuelta-al-trabajo-claves-para-una-reincorporacion-segura\/\" \/>\r\n<meta property=\"og:site_name\" content=\"Prevenci\u00f3n de Riesgos Laborales | PRL | Antea Prevenci\u00f3n\" \/>\r\n<meta property=\"article:published_time\" content=\"2026-09-03T06:16:29+00:00\" \/>\r\n<meta property=\"article:modified_time\" content=\"2026-09-03T06:30:37+00:00\" \/>\r\n<meta property=\"og:image\" content=\"https:\/\/www.anteaprevencion.com\/wp-content\/uploads\/2026\/09\/Septiembre-vuelta-al-trabajo-claves-para-una-reincorporacion-segura.jpg\" \/>\r\n\t<meta property=\"og:image:width\" content=\"1000\" \/>\r\n\t<meta property=\"og:image:height\" content=\"667\" \/>\r\n\t<meta property=\"og:image:type\" content=\"image\/jpeg\" \/>\r\n<meta name=\"author\" content=\"Comunicacion\" \/>\r\n<meta name=\"twitter:card\" content=\"summary_large_image\" \/>\r\n<meta name=\"twitter:label1\" content=\"Escrit per\" \/>\n\t<meta name=\"twitter:data1\" content=\"Comunicacion\" \/>\n\t<meta name=\"twitter:label2\" content=\"Temps estimat de lectura\" \/>\n\t<meta name=\"twitter:data2\" content=\"5 minuts\" \/>\r\n<script type=\"application\/ld+json\" class=\"yoast-schema-graph\">{\"@context\":\"https:\\\/\\\/schema.org\",\"@graph\":[{\"@type\":\"Article\",\"@id\":\"https:\\\/\\\/www.anteaprevencion.com\\\/vuelta-al-trabajo-claves-para-una-reincorporacion-segura\\\/#article\",\"isPartOf\":{\"@id\":\"https:\\\/\\\/www.anteaprevencion.com\\\/vuelta-al-trabajo-claves-para-una-reincorporacion-segura\\\/\"},\"author\":{\"name\":\"Comunicacion\",\"@id\":\"https:\\\/\\\/www.anteaprevencion.com\\\/#\\\/schema\\\/person\\\/d168951a5492d95838557a73072399b5\"},\"headline\":\"Vuelta al trabajo: claves para una reincorporaci\u00f3n segura\",\"datePublished\":\"2026-09-03T06:16:29+00:00\",\"dateModified\":\"2026-09-03T06:30:37+00:00\",\"mainEntityOfPage\":{\"@id\":\"https:\\\/\\\/www.anteaprevencion.com\\\/vuelta-al-trabajo-claves-para-una-reincorporacion-segura\\\/\"},\"wordCount\":1092,\"publisher\":{\"@id\":\"https:\\\/\\\/www.anteaprevencion.com\\\/#organization\"},\"image\":{\"@id\":\"https:\\\/\\\/www.anteaprevencion.com\\\/vuelta-al-trabajo-claves-para-una-reincorporacion-segura\\\/#primaryimage\"},\"thumbnailUrl\":\"https:\\\/\\\/www.anteaprevencion.com\\\/wp-content\\\/uploads\\\/2026\\\/09\\\/Septiembre-vuelta-al-trabajo-claves-para-una-reincorporacion-segura.jpg\",\"keywords\":[\"errores riesgos prl\",\"evita errores de prevenci\u00f3n\",\"riesgos laborales y salud\",\"seguridad prl\"],\"articleSection\":[\"Art\u00edculos de Actualidad\"],\"inLanguage\":\"ca\"},{\"@type\":[\"WebPage\",\"FAQPage\"],\"@id\":\"https:\\\/\\\/www.anteaprevencion.com\\\/vuelta-al-trabajo-claves-para-una-reincorporacion-segura\\\/\",\"url\":\"https:\\\/\\\/www.anteaprevencion.com\\\/vuelta-al-trabajo-claves-para-una-reincorporacion-segura\\\/\",\"name\":\"Vuelta al trabajo: Claves PRL\",\"isPartOf\":{\"@id\":\"https:\\\/\\\/www.anteaprevencion.com\\\/#website\"},\"primaryImageOfPage\":{\"@id\":\"https:\\\/\\\/www.anteaprevencion.com\\\/vuelta-al-trabajo-claves-para-una-reincorporacion-segura\\\/#primaryimage\"},\"image\":{\"@id\":\"https:\\\/\\\/www.anteaprevencion.com\\\/vuelta-al-trabajo-claves-para-una-reincorporacion-segura\\\/#primaryimage\"},\"thumbnailUrl\":\"https:\\\/\\\/www.anteaprevencion.com\\\/wp-content\\\/uploads\\\/2026\\\/09\\\/Septiembre-vuelta-al-trabajo-claves-para-una-reincorporacion-segura.jpg\",\"datePublished\":\"2026-09-03T06:16:29+00:00\",\"dateModified\":\"2026-09-03T06:30:37+00:00\",\"description\":\"Septiembre marca para muchas empresas el inicio de una nueva etapa tras el periodo estival. Equipos que regresan de vacaciones, incorporaci\u00f3n de nuevos trabajadores, reactivaci\u00f3n de proyectos y un aumento progresivo de la actividad hacen que este mes sea uno de los momentos m\u00e1s importantes para revisar la gesti\u00f3n preventiva de la organizaci\u00f3n.\",\"breadcrumb\":{\"@id\":\"https:\\\/\\\/www.anteaprevencion.com\\\/vuelta-al-trabajo-claves-para-una-reincorporacion-segura\\\/#breadcrumb\"},\"inLanguage\":\"ca\",\"potentialAction\":[{\"@type\":\"ReadAction\",\"target\":[\"https:\\\/\\\/www.anteaprevencion.com\\\/vuelta-al-trabajo-claves-para-una-reincorporacion-segura\\\/\"]}]},{\"@type\":\"ImageObject\",\"inLanguage\":\"ca\",\"@id\":\"https:\\\/\\\/www.anteaprevencion.com\\\/vuelta-al-trabajo-claves-para-una-reincorporacion-segura\\\/#primaryimage\",\"url\":\"https:\\\/\\\/www.anteaprevencion.com\\\/wp-content\\\/uploads\\\/2026\\\/09\\\/Septiembre-vuelta-al-trabajo-claves-para-una-reincorporacion-segura.jpg\",\"contentUrl\":\"https:\\\/\\\/www.anteaprevencion.com\\\/wp-content\\\/uploads\\\/2026\\\/09\\\/Septiembre-vuelta-al-trabajo-claves-para-una-reincorporacion-segura.jpg\",\"width\":1000,\"height\":667},{\"@type\":\"BreadcrumbList\",\"@id\":\"https:\\\/\\\/www.anteaprevencion.com\\\/vuelta-al-trabajo-claves-para-una-reincorporacion-segura\\\/#breadcrumb\",\"itemListElement\":[{\"@type\":\"ListItem\",\"position\":1,\"name\":\"Portada\",\"item\":\"https:\\\/\\\/www.anteaprevencion.com\\\/\"},{\"@type\":\"ListItem\",\"position\":2,\"name\":\"Vuelta al trabajo: claves para una reincorporaci\u00f3n segura\"}]},{\"@type\":\"WebSite\",\"@id\":\"https:\\\/\\\/www.anteaprevencion.com\\\/#website\",\"url\":\"https:\\\/\\\/www.anteaprevencion.com\\\/\",\"name\":\"Prevenci\u00f3n de Riesgos Laborales | PRL | Antea Prevenci\u00f3n\",\"description\":\"Somos empresa l\u00edder de prevenci\u00f3n de riesgos laborales para tu negocio. Servicio de PRL, vigilancia de la salud, reconocimientos m\u00e9dicos.\",\"publisher\":{\"@id\":\"https:\\\/\\\/www.anteaprevencion.com\\\/#organization\"},\"potentialAction\":[{\"@type\":\"SearchAction\",\"target\":{\"@type\":\"EntryPoint\",\"urlTemplate\":\"https:\\\/\\\/www.anteaprevencion.com\\\/?s={search_term_string}\"},\"query-input\":{\"@type\":\"PropertyValueSpecification\",\"valueRequired\":true,\"valueName\":\"search_term_string\"}}],\"inLanguage\":\"ca\"},{\"@type\":\"Organization\",\"@id\":\"https:\\\/\\\/www.anteaprevencion.com\\\/#organization\",\"name\":\"Antea Prevenci\u00f3n de Riesgos Laborales\",\"alternateName\":\"Antea Prevenci\u00f3n\",\"url\":\"https:\\\/\\\/www.anteaprevencion.com\\\/\",\"logo\":{\"@type\":\"ImageObject\",\"inLanguage\":\"ca\",\"@id\":\"https:\\\/\\\/www.anteaprevencion.com\\\/#\\\/schema\\\/logo\\\/image\\\/\",\"url\":\"https:\\\/\\\/www.anteaprevencion.com\\\/wp-content\\\/uploads\\\/2026\\\/01\\\/antea-prevencion-25-aniversario.png\",\"contentUrl\":\"https:\\\/\\\/www.anteaprevencion.com\\\/wp-content\\\/uploads\\\/2026\\\/01\\\/antea-prevencion-25-aniversario.png\",\"width\":115,\"height\":60,\"caption\":\"Antea Prevenci\u00f3n de Riesgos Laborales\"},\"image\":{\"@id\":\"https:\\\/\\\/www.anteaprevencion.com\\\/#\\\/schema\\\/logo\\\/image\\\/\"}},{\"@type\":\"Person\",\"@id\":\"https:\\\/\\\/www.anteaprevencion.com\\\/#\\\/schema\\\/person\\\/d168951a5492d95838557a73072399b5\",\"name\":\"Comunicacion\",\"image\":{\"@type\":\"ImageObject\",\"inLanguage\":\"ca\",\"@id\":\"https:\\\/\\\/secure.gravatar.com\\\/avatar\\\/a8b975f4f11a3da6e5078d54e4a6615897b1664bea0d63e3d2bca4cadc8665b2?s=96&d=mm&r=g\",\"url\":\"https:\\\/\\\/secure.gravatar.com\\\/avatar\\\/a8b975f4f11a3da6e5078d54e4a6615897b1664bea0d63e3d2bca4cadc8665b2?s=96&d=mm&r=g\",\"contentUrl\":\"https:\\\/\\\/secure.gravatar.com\\\/avatar\\\/a8b975f4f11a3da6e5078d54e4a6615897b1664bea0d63e3d2bca4cadc8665b2?s=96&d=mm&r=g\",\"caption\":\"Comunicacion\"},\"url\":\"https:\\\/\\\/www.anteaprevencion.com\\\/ca\\\/author\\\/comunicacion\\\/\"}]}<\/script>\r\n<!-- \/ Yoast SEO plugin. -->","yoast_head_json":{"title":"Vuelta al trabajo: Claves PRL","description":"Septiembre marca para muchas empresas el inicio de una nueva etapa tras el periodo estival. Equipos que regresan de vacaciones, incorporaci\u00f3n de nuevos trabajadores, reactivaci\u00f3n de proyectos y un aumento progresivo de la actividad hacen que este mes sea uno de los momentos m\u00e1s importantes para revisar la gesti\u00f3n preventiva de la organizaci\u00f3n.","robots":{"index":"index","follow":"follow","max-snippet":"max-snippet:-1","max-image-preview":"max-image-preview:large","max-video-preview":"max-video-preview:-1"},"canonical":"https:\/\/www.anteaprevencion.com\/ca\/vuelta-al-trabajo-claves-para-una-reincorporacion-segura\/","og_locale":"ca_ES","og_type":"article","og_title":"Vuelta al trabajo: Claves PRL","og_description":"Septiembre marca para muchas empresas el inicio de una nueva etapa tras el periodo estival. Equipos que regresan de vacaciones, incorporaci\u00f3n de nuevos trabajadores, reactivaci\u00f3n de proyectos y un aumento progresivo de la actividad hacen que este mes sea uno de los momentos m\u00e1s importantes para revisar la gesti\u00f3n preventiva de la organizaci\u00f3n.","og_url":"https:\/\/www.anteaprevencion.com\/ca\/vuelta-al-trabajo-claves-para-una-reincorporacion-segura\/","og_site_name":"Prevenci\u00f3n de Riesgos Laborales | PRL | Antea Prevenci\u00f3n","article_published_time":"2026-09-03T06:16:29+00:00","article_modified_time":"2026-09-03T06:30:37+00:00","og_image":[{"width":1000,"height":667,"url":"https:\/\/www.anteaprevencion.com\/wp-content\/uploads\/2026\/09\/Septiembre-vuelta-al-trabajo-claves-para-una-reincorporacion-segura.jpg","type":"image\/jpeg"}],"author":"Comunicacion","twitter_card":"summary_large_image","twitter_misc":{"Escrit per":"Comunicacion","Temps estimat de lectura":"5 minuts"},"schema":{"@context":"https:\/\/schema.org","@graph":[{"@type":"Article","@id":"https:\/\/www.anteaprevencion.com\/vuelta-al-trabajo-claves-para-una-reincorporacion-segura\/#article","isPartOf":{"@id":"https:\/\/www.anteaprevencion.com\/vuelta-al-trabajo-claves-para-una-reincorporacion-segura\/"},"author":{"name":"Comunicacion","@id":"https:\/\/www.anteaprevencion.com\/#\/schema\/person\/d168951a5492d95838557a73072399b5"},"headline":"Vuelta al trabajo: claves para una reincorporaci\u00f3n segura","datePublished":"2026-09-03T06:16:29+00:00","dateModified":"2026-09-03T06:30:37+00:00","mainEntityOfPage":{"@id":"https:\/\/www.anteaprevencion.com\/vuelta-al-trabajo-claves-para-una-reincorporacion-segura\/"},"wordCount":1092,"publisher":{"@id":"https:\/\/www.anteaprevencion.com\/#organization"},"image":{"@id":"https:\/\/www.anteaprevencion.com\/vuelta-al-trabajo-claves-para-una-reincorporacion-segura\/#primaryimage"},"thumbnailUrl":"https:\/\/www.anteaprevencion.com\/wp-content\/uploads\/2026\/09\/Septiembre-vuelta-al-trabajo-claves-para-una-reincorporacion-segura.jpg","keywords":["errores riesgos prl","evita errores de prevenci\u00f3n","riesgos laborales y salud","seguridad prl"],"articleSection":["Art\u00edculos de Actualidad"],"inLanguage":"ca"},{"@type":["WebPage","FAQPage"],"@id":"https:\/\/www.anteaprevencion.com\/vuelta-al-trabajo-claves-para-una-reincorporacion-segura\/","url":"https:\/\/www.anteaprevencion.com\/vuelta-al-trabajo-claves-para-una-reincorporacion-segura\/","name":"Vuelta al trabajo: Claves PRL","isPartOf":{"@id":"https:\/\/www.anteaprevencion.com\/#website"},"primaryImageOfPage":{"@id":"https:\/\/www.anteaprevencion.com\/vuelta-al-trabajo-claves-para-una-reincorporacion-segura\/#primaryimage"},"image":{"@id":"https:\/\/www.anteaprevencion.com\/vuelta-al-trabajo-claves-para-una-reincorporacion-segura\/#primaryimage"},"thumbnailUrl":"https:\/\/www.anteaprevencion.com\/wp-content\/uploads\/2026\/09\/Septiembre-vuelta-al-trabajo-claves-para-una-reincorporacion-segura.jpg","datePublished":"2026-09-03T06:16:29+00:00","dateModified":"2026-09-03T06:30:37+00:00","description":"Septiembre marca para muchas empresas el inicio de una nueva etapa tras el periodo estival. Equipos que regresan de vacaciones, incorporaci\u00f3n de nuevos trabajadores, reactivaci\u00f3n de proyectos y un aumento progresivo de la actividad hacen que este mes sea uno de los momentos m\u00e1s importantes para revisar la gesti\u00f3n preventiva de la organizaci\u00f3n.","breadcrumb":{"@id":"https:\/\/www.anteaprevencion.com\/vuelta-al-trabajo-claves-para-una-reincorporacion-segura\/#breadcrumb"},"inLanguage":"ca","potentialAction":[{"@type":"ReadAction","target":["https:\/\/www.anteaprevencion.com\/vuelta-al-trabajo-claves-para-una-reincorporacion-segura\/"]}]},{"@type":"ImageObject","inLanguage":"ca","@id":"https:\/\/www.anteaprevencion.com\/vuelta-al-trabajo-claves-para-una-reincorporacion-segura\/#primaryimage","url":"https:\/\/www.anteaprevencion.com\/wp-content\/uploads\/2026\/09\/Septiembre-vuelta-al-trabajo-claves-para-una-reincorporacion-segura.jpg","contentUrl":"https:\/\/www.anteaprevencion.com\/wp-content\/uploads\/2026\/09\/Septiembre-vuelta-al-trabajo-claves-para-una-reincorporacion-segura.jpg","width":1000,"height":667},{"@type":"BreadcrumbList","@id":"https:\/\/www.anteaprevencion.com\/vuelta-al-trabajo-claves-para-una-reincorporacion-segura\/#breadcrumb","itemListElement":[{"@type":"ListItem","position":1,"name":"Portada","item":"https:\/\/www.anteaprevencion.com\/"},{"@type":"ListItem","position":2,"name":"Vuelta al trabajo: claves para una reincorporaci\u00f3n segura"}]},{"@type":"WebSite","@id":"https:\/\/www.anteaprevencion.com\/#website","url":"https:\/\/www.anteaprevencion.com\/","name":"Prevenci\u00f3 de riscos laborals | PRL | Antea Prevenci\u00f3","description":"Somos empresa l\u00edder de prevenci\u00f3n de riesgos laborales para tu negocio. Servicio de PRL, vigilancia de la salud, reconocimientos m\u00e9dicos.","publisher":{"@id":"https:\/\/www.anteaprevencion.com\/#organization"},"potentialAction":[{"@type":"SearchAction","target":{"@type":"EntryPoint","urlTemplate":"https:\/\/www.anteaprevencion.com\/?s={search_term_string}"},"query-input":{"@type":"PropertyValueSpecification","valueRequired":true,"valueName":"search_term_string"}}],"inLanguage":"ca"},{"@type":"Organization","@id":"https:\/\/www.anteaprevencion.com\/#organization","name":"Antea Prevenci\u00f3n de Riesgos Laborales","alternateName":"Antea Prevenci\u00f3n","url":"https:\/\/www.anteaprevencion.com\/","logo":{"@type":"ImageObject","inLanguage":"ca","@id":"https:\/\/www.anteaprevencion.com\/#\/schema\/logo\/image\/","url":"https:\/\/www.anteaprevencion.com\/wp-content\/uploads\/2026\/01\/antea-prevencion-25-aniversario.png","contentUrl":"https:\/\/www.anteaprevencion.com\/wp-content\/uploads\/2026\/01\/antea-prevencion-25-aniversario.png","width":115,"height":60,"caption":"Antea Prevenci\u00f3n de Riesgos Laborales"},"image":{"@id":"https:\/\/www.anteaprevencion.com\/#\/schema\/logo\/image\/"}},{"@type":"Person","@id":"https:\/\/www.anteaprevencion.com\/#\/schema\/person\/d168951a5492d95838557a73072399b5","name":"Comunicacion","image":{"@type":"ImageObject","inLanguage":"ca","@id":"https:\/\/secure.gravatar.com\/avatar\/a8b975f4f11a3da6e5078d54e4a6615897b1664bea0d63e3d2bca4cadc8665b2?s=96&d=mm&r=g","url":"https:\/\/secure.gravatar.com\/avatar\/a8b975f4f11a3da6e5078d54e4a6615897b1664bea0d63e3d2bca4cadc8665b2?s=96&d=mm&r=g","contentUrl":"https:\/\/secure.gravatar.com\/avatar\/a8b975f4f11a3da6e5078d54e4a6615897b1664bea0d63e3d2bca4cadc8665b2?s=96&d=mm&r=g","caption":"Comunicacion"},"url":"https:\/\/www.anteaprevencion.com\/ca\/author\/comunicacion\/"}]}},"_links":{"self":[{"href":"https:\/\/www.anteaprevencion.com\/ca\/wp-json\/wp\/v2\/posts\/8000","targetHints":{"allow":["GET"]}}],"collection":[{"href":"https:\/\/www.anteaprevencion.com\/ca\/wp-json\/wp\/v2\/posts"}],"about":[{"href":"https:\/\/www.anteaprevencion.com\/ca\/wp-json\/wp\/v2\/types\/post"}],"author":[{"embeddable":true,"href":"https:\/\/www.anteaprevencion.com\/ca\/wp-json\/wp\/v2\/users\/5"}],"replies":[{"embeddable":true,"href":"https:\/\/www.anteaprevencion.com\/ca\/wp-json\/wp\/v2\/comments?post=8000"}],"version-history":[{"count":1,"href":"https:\/\/www.anteaprevencion.com\/ca\/wp-json\/wp\/v2\/posts\/8000\/revisions"}],"predecessor-version":[{"id":8001,"href":"https:\/\/www.anteaprevencion.com\/ca\/wp-json\/wp\/v2\/posts\/8000\/revisions\/8001"}],"wp:attachment":[{"href":"https:\/\/www.anteaprevencion.com\/ca\/wp-json\/wp\/v2\/media?parent=8000"}],"wp:term":[{"taxonomy":"category","embeddable":true,"href":"https:\/\/www.anteaprevencion.com\/ca\/wp-json\/wp\/v2\/categories?post=8000"},{"taxonomy":"post_tag","embeddable":true,"href":"https:\/\/www.anteaprevencion.com\/ca\/wp-json\/wp\/v2\/tags?post=8000"}],"curies":[{"name":"wp","href":"https:\/\/api.w.org\/{rel}","templated":true}]}}