{"id":1524,"date":"2020-11-24T13:00:11","date_gmt":"2020-11-24T13:00:11","guid":{"rendered":"https:\/\/www.anteaprevencion.com\/como-diferenciamos-la-gripe-del-covid-19\/"},"modified":"2021-03-03T08:34:01","modified_gmt":"2021-03-03T08:34:01","slug":"como-diferenciamos-la-gripe-del-covid-19","status":"publish","type":"post","link":"https:\/\/www.anteaprevencion.com\/cat\/como-diferenciamos-la-gripe-del-covid-19\/","title":{"rendered":"\u00bfC\u00d3MO DIFERENCIAMOS LA GRIPE DEL COVID-19?"},"content":{"rendered":"<h5><span style=\"color: #25698c;\">24\/11\/20\u00a0<\/span><\/h5>\n<div align=\"justify\">\n<p>Los s\u00edntomas pueden ser similares: tos, malestar, cansancio&#8230; aunque tambi\u00e9n presentan diferencias. Este a\u00f1o la incertidumbre y las dudas de si los s\u00edntomas que padecemos son de una u otra se suma al peligro de contraer COVID-19, por eso es importante saber distinguirlos.<br \/>\n<!--more Seguir leyendo--><\/p>\n<p>Tanto la gripe y la COVID-19 son afecciones virales causadas por virus que afectan al sistema respiratorio, y que se propaga a trav\u00e9s de gotitas que el infectado esparce al toser, estornudar o hablar. Tambi\u00e9n se puede transmitir al tocar una superficie u objeto infectado y despu\u00e9s tocarse los ojos, la nariz o la boca.<\/p>\n<p><span style=\"color: #25698c;\">La gripe<\/span>, es una enfermedad causada por virus influenza, se contagian 1,3 por cada persona infectada. <span style=\"color: #25698c;\">Sus s\u00edntomas aparecen de golpe y suele durar entre 7 y 14 d\u00edas.<\/span><\/p>\n<\/div>\n<p>En cambio el <span style=\"color: #25698c;\">Covid-19<\/span> es transmitida por el virus SarsCov2, y tiene una probabilidad de transmisi\u00f3n m\u00e1s alta, se contagian de 2 a 3 personas por cada persona infectada. Adem\u00e1s, se puede propagar durante el periodo de incubaci\u00f3n, es decir, cuando todav\u00eda no se presentan s\u00edntomas o son muy leves. <span style=\"color: #25698c;\">La sintomatolog\u00eda aparece de forma gradual y puede ir desde un resfriado com\u00fan hasta casos m\u00e1s graves como neumon\u00edas o el s\u00edndrome respiratorio agudo severo (SARS)<\/span><\/p>\n<p>La fiebre, la tos y la p\u00e9rdida de olfato\/gusto son s\u00edntomas comunes en la gripe y en el COVID-19, sin embargo, la fatiga, el dolor de garganta, dolor de cabeza y dolor muscular parecen producirse con menos frecuencia en el COVID-19 que en la gripe. La dificultad respiratoria tambi\u00e9n parece ser m\u00e1s frecuente en el COVID-19.<\/p>\n<p><span style=\"color: #25698c;\">No obstante, deber\u00e1 ser siempre un profesional sanitario quien valore la posible enfermedad y realice el diagn\u00f3stico diferencial.<\/span><\/p>\n<p style=\"text-align: center; color: #25698c;\"><strong>QUE HACER SI SE TIENEN S\u00cdNTOMAS<\/strong><\/p>\n<p>No es recomendable salir de casa, los profesionales sanitarios recomiendan no acercarse al centro de salud. Lo mejor es contactar con <a href=\"https:\/\/www.mscbs.gob.es\/profesionales\/saludPublica\/ccayes\/alertasActual\/nCov\/telefonos.htm\" target=\"_blank\" rel=\"noopener\"><span style=\"color: #25698c;\">los tel\u00e9fonos habilitados por el Ministerio de Sanidad para cada Comunidad Aut\u00f3noma.<\/span><\/a><\/p>\n<p>Si la afecci\u00f3n ha llegado a un estado de gravedad severo, lo recomendable es llamar directamente al 112.<\/p>\n<p style=\"text-align: center; color: #25698c;\"><strong>CONSEJOS PARA TRATAR LAS AFECCIONES RESPIRATORIAS<\/strong><\/p>\n<ul>\n<li>Usar mascarilla<\/li>\n<li>Lavarse las manos de forma frecuente y adecuada, aproximadamente durante 40 segundos con agua y jab\u00f3n.<\/li>\n<li>Evitar tocarse ojos, nariz y boca despu\u00e9s de haber tocado materiales que pueden contener g\u00e9rmenes (barandas, barras de transporte p\u00fablico&#8230;).<\/li>\n<li>Mantener distancia de al menos dos metros entre personas<\/li>\n<\/ul>\n<p>Si ya se presentan s\u00edntomas, adem\u00e1s:<\/p>\n<ul>\n<li>Taparse boca y nariz con un pa\u00f1uelo al estornudar o toser para evitar el contagio<\/li>\n<li>Guardar reposo y reducir el contacto social<\/li>\n<li>Beber l\u00edquidos abundantemente<\/li>\n<\/ul>\n<p><span style=\"color: #25698c;\">No usar antibi\u00f3ticos, ya que solo son eficaces contra las bacterias, no contra los virus. Su mal uso puede llevar a cada vez una mayor p\u00e9rdida de su eficacia.<\/span><\/p>\n<p style=\"text-align: center; color: #25698c;\"><strong>VACUNACI\u00d3N: LA \u00daNICA V\u00cdA PARA PREVENIR<\/strong><\/p>\n<p style=\"text-align: left;\">Dada la situaci\u00f3n actual, (pandemia coronavirus y epidemia de gripe) el Ministerio de Sanidad ha realizado una adquisici\u00f3n extraordinaria de vacunas para la vacunaci\u00f3n de los grupos de riesgo:<\/p>\n<ul>\n<li style=\"text-align: left;\">Personas mayores, preferentemente <span style=\"color: #25698c;\">a partir de los 65 a\u00f1os de edad.<\/span> Se har\u00e1 \u00e9nfasis en aquellas personas que conviven en instituciones cerradas.<\/li>\n<li style=\"text-align: left;\"><span style=\"color: #25698c;\">Personas que puedan transmitir la gripe a aquellas que tienen un alto riesgo<\/span> de presentar complicaciones: personal de centros y servicios sanitarios y sociosanitarios, cuidadores a domicilio y convivientes con personas que pertenencen a grupos de alto riesgo.<\/li>\n<li style=\"text-align: left;\"><span style=\"color: #25698c;\">Personas que trabajan en servicios esenciales<\/span> como: fuerzas y cuerpos de la seguridad del Estado, bomberos, protecci\u00f3n civil, personal de instituciones penitenciarias y trabajadores de explotaciones av\u00edcolas y porcinas en contacto directo con los animales.<\/li>\n<li style=\"text-align: left;\">Personas entre los 6 meses y los 65 a\u00f1os de edad que presentan un <span style=\"color: #25698c;\">alto riesgo<\/span> de complicaciones derivadas de la gripe por presentar alguna condici\u00f3n o enfermedad de base.<\/li>\n<\/ul>\n<p><img class=\"aligncenter wp-image-10590\" src=\"https:\/\/www.anteaprevencion.com\/wp-content\/uploads\/2020\/11\/info-diferencias-9362658.png\" alt=\"info-diferencias-9362658\" width=\"692\" height=\"658\" \/><\/p>","protected":false},"excerpt":{"rendered":"<p>24\/11\/20\u00a0 Los s\u00edntomas pueden ser similares: tos, malestar, cansancio&#8230; aunque tambi\u00e9n presentan diferencias. Este a\u00f1o la incertidumbre y las dudas de si los s\u00edntomas que padecemos son de una u otra se suma al peligro de contraer COVID-19, por eso es importante saber distinguirlos.<\/p>","protected":false},"author":3,"featured_media":695,"comment_status":"open","ping_status":"open","sticky":false,"template":"","format":"standard","meta":[],"categories":[106,120],"tags":[],"yoast_head":"<!-- This site is optimized with the Yoast SEO plugin v15.8 - https:\/\/yoast.com\/wordpress\/plugins\/seo\/ -->\r\n<title>\u00bfC\u00d3MO DIFERENCIAMOS LA GRIPE DEL COVID-19? - Prevenci\u00f3n de Riesgos Laborales | PRL | Antea Prevenci\u00f3n<\/title>\r\n<meta name=\"description\" content=\"Los s\u00edntomas pueden ser similares: tos, malestar, cansancio... aunque tambi\u00e9n presentan diferencias. Este a\u00f1o la incertidumbre y las dudas de si los s\u00edntomas que padecemos son de una u otra se suma al peligro de contraer COVID-19, por eso es importante saber distinguirlos.\" \/>\r\n<meta name=\"robots\" content=\"index, follow, max-snippet:-1, max-image-preview:large, max-video-preview:-1\" \/>\r\n<link rel=\"canonical\" href=\"https:\/\/www.anteaprevencion.com\/cat\/como-diferenciamos-la-gripe-del-covid-19\/\" \/>\r\n<meta property=\"og:locale\" content=\"ca_ES\" \/>\r\n<meta property=\"og:type\" content=\"article\" \/>\r\n<meta property=\"og:title\" content=\"\u00bfC\u00d3MO DIFERENCIAMOS LA GRIPE DEL COVID-19? - Prevenci\u00f3n de Riesgos Laborales | PRL | Antea Prevenci\u00f3n\" \/>\r\n<meta property=\"og:description\" content=\"Los s\u00edntomas pueden ser similares: tos, malestar, cansancio... aunque tambi\u00e9n presentan diferencias. Este a\u00f1o la incertidumbre y las dudas de si los s\u00edntomas que padecemos son de una u otra se suma al peligro de contraer COVID-19, por eso es importante saber distinguirlos.\" \/>\r\n<meta property=\"og:url\" content=\"https:\/\/www.anteaprevencion.com\/cat\/como-diferenciamos-la-gripe-del-covid-19\/\" \/>\r\n<meta property=\"og:site_name\" content=\"Prevenci\u00f3n de Riesgos Laborales | PRL | Antea Prevenci\u00f3n\" \/>\r\n<meta property=\"article:published_time\" content=\"2020-11-24T13:00:11+00:00\" \/>\r\n<meta property=\"article:modified_time\" content=\"2021-03-03T08:34:01+00:00\" \/>\r\n<meta property=\"og:image\" content=\"https:\/\/www.anteaprevencion.com\/wp-content\/uploads\/2020\/12\/gripe-covid-principal-1024x683.png\" \/>\r\n\t<meta property=\"og:image:width\" content=\"1024\" \/>\r\n\t<meta property=\"og:image:height\" content=\"683\" \/>\r\n<meta name=\"twitter:card\" content=\"summary_large_image\" \/>\r\n<meta name=\"twitter:label1\" content=\"Temps estimat de lectura\">\n\t<meta name=\"twitter:data1\" content=\"3 minuts\">\r\n<script type=\"application\/ld+json\" class=\"yoast-schema-graph\">{\"@context\":\"https:\/\/schema.org\",\"@graph\":[{\"@type\":\"WebSite\",\"@id\":\"https:\/\/www.anteaprevencion.com\/#website\",\"url\":\"https:\/\/www.anteaprevencion.com\/\",\"name\":\"Prevenci\\u00f3n de Riesgos Laborales | PRL | Antea Prevenci\\u00f3n\",\"description\":\"\",\"potentialAction\":[{\"@type\":\"SearchAction\",\"target\":\"https:\/\/www.anteaprevencion.com\/?s={search_term_string}\",\"query-input\":\"required name=search_term_string\"}],\"inLanguage\":\"ca\"},{\"@type\":\"ImageObject\",\"@id\":\"https:\/\/www.anteaprevencion.com\/como-diferenciamos-la-gripe-del-covid-19\/#primaryimage\",\"inLanguage\":\"ca\",\"url\":\"https:\/\/www.anteaprevencion.com\/wp-content\/uploads\/2020\/12\/gripe-covid-principal.png\",\"width\":1680,\"height\":1120},{\"@type\":\"WebPage\",\"@id\":\"https:\/\/www.anteaprevencion.com\/como-diferenciamos-la-gripe-del-covid-19\/#webpage\",\"url\":\"https:\/\/www.anteaprevencion.com\/como-diferenciamos-la-gripe-del-covid-19\/\",\"name\":\"\\u00bfC\\u00d3MO DIFERENCIAMOS LA GRIPE DEL COVID-19? - Prevenci\\u00f3n de Riesgos Laborales | PRL | Antea Prevenci\\u00f3n\",\"isPartOf\":{\"@id\":\"https:\/\/www.anteaprevencion.com\/#website\"},\"primaryImageOfPage\":{\"@id\":\"https:\/\/www.anteaprevencion.com\/como-diferenciamos-la-gripe-del-covid-19\/#primaryimage\"},\"datePublished\":\"2020-11-24T13:00:11+00:00\",\"dateModified\":\"2021-03-03T08:34:01+00:00\",\"author\":{\"@id\":\"https:\/\/www.anteaprevencion.com\/#\/schema\/person\/8d7a0c9df508d945ee11c9833cfb572e\"},\"description\":\"Los s\\u00edntomas pueden ser similares: tos, malestar, cansancio... aunque tambi\\u00e9n presentan diferencias. Este a\\u00f1o la incertidumbre y las dudas de si los s\\u00edntomas que padecemos son de una u otra se suma al peligro de contraer COVID-19, por eso es importante saber distinguirlos.\",\"breadcrumb\":{\"@id\":\"https:\/\/www.anteaprevencion.com\/como-diferenciamos-la-gripe-del-covid-19\/#breadcrumb\"},\"inLanguage\":\"ca\",\"potentialAction\":[{\"@type\":\"ReadAction\",\"target\":[\"https:\/\/www.anteaprevencion.com\/como-diferenciamos-la-gripe-del-covid-19\/\"]}]},{\"@type\":\"BreadcrumbList\",\"@id\":\"https:\/\/www.anteaprevencion.com\/como-diferenciamos-la-gripe-del-covid-19\/#breadcrumb\",\"itemListElement\":[{\"@type\":\"ListItem\",\"position\":1,\"item\":{\"@type\":\"WebPage\",\"@id\":\"https:\/\/www.anteaprevencion.com\/\",\"url\":\"https:\/\/www.anteaprevencion.com\/\",\"name\":\"Portada\"}},{\"@type\":\"ListItem\",\"position\":2,\"item\":{\"@type\":\"WebPage\",\"@id\":\"https:\/\/www.anteaprevencion.com\/como-diferenciamos-la-gripe-del-covid-19\/\",\"url\":\"https:\/\/www.anteaprevencion.com\/como-diferenciamos-la-gripe-del-covid-19\/\",\"name\":\"\\u00bfC\\u00d3MO DIFERENCIAMOS LA GRIPE DEL COVID-19?\"}}]},{\"@type\":\"Person\",\"@id\":\"https:\/\/www.anteaprevencion.com\/#\/schema\/person\/8d7a0c9df508d945ee11c9833cfb572e\",\"name\":\"Felipe Castillo\",\"image\":{\"@type\":\"ImageObject\",\"@id\":\"https:\/\/www.anteaprevencion.com\/#personlogo\",\"inLanguage\":\"ca\",\"url\":\"https:\/\/secure.gravatar.com\/avatar\/84abdbe79ab2f70bc77798fd1673232d?s=96&d=mm&r=g\",\"caption\":\"Felipe Castillo\"}}]}<\/script>\r\n<!-- \/ Yoast SEO plugin. -->","_links":{"self":[{"href":"https:\/\/www.anteaprevencion.com\/cat\/wp-json\/wp\/v2\/posts\/1524"}],"collection":[{"href":"https:\/\/www.anteaprevencion.com\/cat\/wp-json\/wp\/v2\/posts"}],"about":[{"href":"https:\/\/www.anteaprevencion.com\/cat\/wp-json\/wp\/v2\/types\/post"}],"author":[{"embeddable":true,"href":"https:\/\/www.anteaprevencion.com\/cat\/wp-json\/wp\/v2\/users\/3"}],"replies":[{"embeddable":true,"href":"https:\/\/www.anteaprevencion.com\/cat\/wp-json\/wp\/v2\/comments?post=1524"}],"version-history":[{"count":0,"href":"https:\/\/www.anteaprevencion.com\/cat\/wp-json\/wp\/v2\/posts\/1524\/revisions"}],"wp:featuredmedia":[{"embeddable":true,"href":"https:\/\/www.anteaprevencion.com\/cat\/wp-json\/wp\/v2\/media\/695"}],"wp:attachment":[{"href":"https:\/\/www.anteaprevencion.com\/cat\/wp-json\/wp\/v2\/media?parent=1524"}],"wp:term":[{"taxonomy":"category","embeddable":true,"href":"https:\/\/www.anteaprevencion.com\/cat\/wp-json\/wp\/v2\/categories?post=1524"},{"taxonomy":"post_tag","embeddable":true,"href":"https:\/\/www.anteaprevencion.com\/cat\/wp-json\/wp\/v2\/tags?post=1524"}],"curies":[{"name":"wp","href":"https:\/\/api.w.org\/{rel}","templated":true}]}}