{"id":4824,"date":"2021-05-18T09:25:19","date_gmt":"2021-05-18T09:25:19","guid":{"rendered":"https:\/\/www.anteaprevencion.com\/?p=4824"},"modified":"2021-05-20T11:19:15","modified_gmt":"2021-05-20T11:19:15","slug":"plan-sumamos-salud-economia-en-cea-atiende-a-los-primeros-usuarios","status":"publish","type":"post","link":"https:\/\/www.anteaprevencion.com\/cat\/plan-sumamos-salud-economia-en-cea-atiende-a-los-primeros-usuarios\/","title":{"rendered":"\"Afegim pla. Salut + Economia\" al CEA at\u00e9n els primers usuaris"},"content":{"rendered":"<p><span style=\"font-size:25px;\">Inicia el <strong style=\"color: #00698f;\">\"Afegim pla. Salut + Economia\",<\/strong> promoguda per la Fundaci\u00f3 CEOE.<\/span><\/p>\n\n\n<h5><span style=\"color: #25698c;\">18\/05\/21<\/span><\/h5>\n<div align=\"justify\">\n<p><img class=\"alignnone size-large wp-image-4832 aligncenter\" src=\"https:\/\/www.anteaprevencion.com\/wp-content\/uploads\/2021\/05\/empresarios-interior-1024x682.png\" alt=\"\" width=\"1024\" height=\"682\" srcset=\"https:\/\/www.anteaprevencion.com\/wp-content\/uploads\/2021\/05\/empresarios-interior-1024x682.png 1024w, https:\/\/www.anteaprevencion.com\/wp-content\/uploads\/2021\/05\/empresarios-interior-300x200.png 300w, https:\/\/www.anteaprevencion.com\/wp-content\/uploads\/2021\/05\/empresarios-interior-768x512.png 768w, https:\/\/www.anteaprevencion.com\/wp-content\/uploads\/2021\/05\/empresarios-interior-1536x1023.png 1536w, https:\/\/www.anteaprevencion.com\/wp-content\/uploads\/2021\/05\/empresarios-interior-16x12.png 16w, https:\/\/www.anteaprevencion.com\/wp-content\/uploads\/2021\/05\/empresarios-interior.png 1600w\" sizes=\"(max-width: 1024px) 100vw, 1024px\" \/><\/p>\n<p>Antea Prevenci\u00f3 se suma a les proves d'ant\u00edgens a treballadors, aut\u00f2noms, emprenedors i professionals que pr\u00e8viament han sol\u00b7licitat el seu nomenament a les webs de la CEA o al \"Pla Sumamos\"<\/p>\n<p>Des d'aquest dimarts i fins al proper divendres, 28 de maig, la prova s'executa de dilluns a divendres en horari de mat\u00ed.<\/p>\n<p><strong style=\"color: #00698f;\">\"Empreses, escenari sanitari, prevenci\u00f3 i comprom\u00eds\"<\/strong><\/p>\n<p>El\u00edas Bendodo, conseller de Presid\u00e8ncia, Administraci\u00f3 P\u00fablica i Interior; Jes\u00fas Aguirre, assessor de Salut i Fam\u00edlies, i Roc\u00edo Blanco, consellera d'Ocupaci\u00f3, Formaci\u00f3 i Autoocupaci\u00f3, han acompanyat el president de CEA en la implementaci\u00f3 del \"Pla Sumamos\" a Andalusia. Al costat d'ells, el president d'ATA i vicepresident de la CEOE, Lorenzo Amor; el gerent del SAS, Miguel \u00c1ngel Guzm\u00e1n, el president del CES Miguel Rus i el secretari general de la CEA, Luis Fern\u00e1ndez-Palacios, aix\u00ed com el president d'Antea Prevenci\u00f3, Joaqu\u00edn Caro; el president de la Comissi\u00f3 per als Objectius de Desenvolupament Sostenible de CEA i director de l'OECA, Manuel Bellido, i el director general del Parc Cient\u00edfic i Tecnol\u00f2gic de la Cartuja, Luis P\u00e9rez.<\/p>\n<p>Per a Javier Gonz\u00e1lez de Lara, \"la col\u00b7laboraci\u00f3 publicoprivada \u00e9s un pilar de recuperaci\u00f3. Si ambdues \u00e0rees es mantenen juntes, l'administraci\u00f3 p\u00fablica i les empreses, la reconstrucci\u00f3 de l'escenari post-COVID s'apropar\u00e0 cada dia m\u00e9s. Reivindiquem la nostra responsabilitat social i agra\u00efm aquesta confian\u00e7a de la Junta d'Andalusia per formar part de l'estrat\u00e8gia de control de la pand\u00e8mia\".<\/p>\n<p>Les empreses andaluses s\u00f3n, en paraules de Gonz\u00e1lez de Lara, \"un escenari de salut, prevenci\u00f3 i comprom\u00eds amb el benestar de treballadors i clients. L'abs\u00e8ncia de casos de brots en l'\u00e0mbit empresarial, en cooperatives, ho confirma. A mesura que la vacunaci\u00f3 continua, la detecci\u00f3 de casos asimptom\u00e0tics tamb\u00e9 \u00e9s clau per al control del virus. Intensificar les proves \u00e9s part de la manera de placar-lo. Aix\u00ed que avui ens sentim part de la soluci\u00f3 a aquesta crisi, gr\u00e0cies tamb\u00e9 a la conscienciaci\u00f3 i responsabilitat personal dels treballadors, aut\u00f2noms i empresaris que avui han vingut a CEA a sotmetre's a aquest control\".<\/p>\n<p><strong style=\"color: #00698f;\">Proves subjectes a proc\u00e9s de vacunaci\u00f3<\/strong><\/p>\n<p>La d'aquest dilluns \u00e9s una experi\u00e8ncia pionera a Andalusia, extrapolable a la resta de prov\u00edncies andaluses amb la col\u00b7laboraci\u00f3 de les nostres Organitzacions Territorials. L'activitat del centre de proves est\u00e0 subjecta al proc\u00e9s de vacunaci\u00f3 a Andalusia, una prioritat per a les autoritats sanit\u00e0ries i marcada pels empresaris andalusos com la millor pol\u00edtica econ\u00f2mica possible. Per tant, a partir de la cont\u00ednua interlocuci\u00f3 amb el SAS, s'actualitzar\u00e0 puntualment el calendari i els horaris de cita pr\u00e8via disponibles des del centre de proves del CEA, subjectes a la disponibilitat dels professionals sanitaris.<\/p>\n<p>El \"Pla que afegim. Salut + Economia\" \u00e9s una iniciativa de la Fundaci\u00f3 CEOE en el seu comprom\u00eds de crear un marc de col\u00b7laboraci\u00f3 amb l'administraci\u00f3 p\u00fablica en la lluita contra la pand\u00e8mia. Amb el seu llan\u00e7ament avui, la nostra regi\u00f3 est\u00e0 integrada en la n\u00f2mina de comunitats afiliades. L'acord de col\u00b7laboraci\u00f3 del \"Pla Sumamos\" a Andalusia abasta fins al 31 de desembre i \u00e9s prorrogable.<\/p>\n<p><img class=\"alignnone size-large wp-image-4854 aligncenter\" src=\"https:\/\/www.anteaprevencion.com\/wp-content\/uploads\/2021\/05\/rollup-1024x768.png\" alt=\"\" width=\"1024\" height=\"768\" srcset=\"https:\/\/www.anteaprevencion.com\/wp-content\/uploads\/2021\/05\/rollup-1024x768.png 1024w, https:\/\/www.anteaprevencion.com\/wp-content\/uploads\/2021\/05\/rollup-300x225.png 300w, https:\/\/www.anteaprevencion.com\/wp-content\/uploads\/2021\/05\/rollup-768x576.png 768w, https:\/\/www.anteaprevencion.com\/wp-content\/uploads\/2021\/05\/rollup-1536x1152.png 1536w, https:\/\/www.anteaprevencion.com\/wp-content\/uploads\/2021\/05\/rollup-16x12.png 16w, https:\/\/www.anteaprevencion.com\/wp-content\/uploads\/2021\/05\/rollup.png 1600w\" sizes=\"(max-width: 1024px) 100vw, 1024px\" \/><\/p>\n<\/div>\n\n\n<p><\/p>","protected":false},"excerpt":{"rendered":"<p>Inicia el \u201cPlan Sumamos. Salud + Econom\u00eda\u201d, impulsado por la Fundaci\u00f3n CEOE. 18\/05\/21 Antea Prevenci\u00f3n se suma con la realizaci\u00f3n de test de ant\u00edgenos a los trabajadores, aut\u00f3nomos, empresarios y profesionales que previamente hayan solicitado su cita en las p\u00e1ginas web de CEA o del \u201cPlan Sumamos\u201d Desde este martes y hasta el pr\u00f3ximo viernes, &#8230; <a title=\"&quot;Afegim pla. Salut + Economia&quot; al CEA at\u00e9n els primers usuaris\" class=\"read-more\" href=\"https:\/\/www.anteaprevencion.com\/cat\/plan-sumamos-salud-economia-en-cea-atiende-a-los-primeros-usuarios\/\" aria-label=\"M\u00e9s sobre \u201cPlan Sumamos. Salud + Econom\u00eda\u201d en CEA atiende a los primeros usuarios\">Llegiu m\u00e9s<\/a><\/p>","protected":false},"author":3,"featured_media":4834,"comment_status":"open","ping_status":"open","sticky":false,"template":"","format":"standard","meta":[],"categories":[106,122,115],"tags":[],"yoast_head":"<!-- This site is optimized with the Yoast SEO plugin v15.8 - https:\/\/yoast.com\/wordpress\/plugins\/seo\/ -->\r\n<title>\u201cPlan Sumamos. Salud + Econom\u00eda\u201d en CEA atiende a los primeros usuarios - Prevenci\u00f3n de Riesgos Laborales | PRL | Antea Prevenci\u00f3n<\/title>\r\n<meta name=\"description\" content=\"Treinta a\u00f1os despu\u00e9s de su inauguraci\u00f3n el 2 de mayo de 1991 por la Reina Do\u00f1a Sof\u00eda, el Teatro de la Maestranza celebra que llega a este hito con un gran recorrido a sus espaldas, pero con toda la ilusi\u00f3n por delante.\" \/>\r\n<meta name=\"robots\" content=\"index, follow, max-snippet:-1, max-image-preview:large, max-video-preview:-1\" \/>\r\n<link rel=\"canonical\" href=\"https:\/\/www.anteaprevencion.com\/cat\/plan-sumamos-salud-economia-en-cea-atiende-a-los-primeros-usuarios\/\" \/>\r\n<meta property=\"og:locale\" content=\"ca_ES\" \/>\r\n<meta property=\"og:type\" content=\"article\" \/>\r\n<meta property=\"og:title\" content=\"\u201cPlan Sumamos. Salud + Econom\u00eda\u201d en CEA atiende a los primeros usuarios - Prevenci\u00f3n de Riesgos Laborales | PRL | Antea Prevenci\u00f3n\" \/>\r\n<meta property=\"og:description\" content=\"Treinta a\u00f1os despu\u00e9s de su inauguraci\u00f3n el 2 de mayo de 1991 por la Reina Do\u00f1a Sof\u00eda, el Teatro de la Maestranza celebra que llega a este hito con un gran recorrido a sus espaldas, pero con toda la ilusi\u00f3n por delante.\" \/>\r\n<meta property=\"og:url\" content=\"https:\/\/www.anteaprevencion.com\/cat\/plan-sumamos-salud-economia-en-cea-atiende-a-los-primeros-usuarios\/\" \/>\r\n<meta property=\"og:site_name\" content=\"Prevenci\u00f3n de Riesgos Laborales | PRL | Antea Prevenci\u00f3n\" \/>\r\n<meta property=\"article:published_time\" content=\"2021-05-18T09:25:19+00:00\" \/>\r\n<meta property=\"article:modified_time\" content=\"2021-05-20T11:19:15+00:00\" \/>\r\n<meta property=\"og:image\" content=\"https:\/\/www.anteaprevencion.com\/wp-content\/uploads\/2021\/05\/plan-sumamos-esp.png\" \/>\r\n\t<meta property=\"og:image:width\" content=\"1000\" \/>\r\n\t<meta property=\"og:image:height\" content=\"667\" \/>\r\n<meta name=\"twitter:card\" content=\"summary_large_image\" \/>\r\n<meta name=\"twitter:label1\" content=\"Temps estimat de lectura\">\n\t<meta name=\"twitter:data1\" content=\"3 minuts\">\r\n<script type=\"application\/ld+json\" class=\"yoast-schema-graph\">{\"@context\":\"https:\/\/schema.org\",\"@graph\":[{\"@type\":\"WebSite\",\"@id\":\"https:\/\/www.anteaprevencion.com\/#website\",\"url\":\"https:\/\/www.anteaprevencion.com\/\",\"name\":\"Prevenci\\u00f3n de Riesgos Laborales | PRL | Antea Prevenci\\u00f3n\",\"description\":\"\",\"potentialAction\":[{\"@type\":\"SearchAction\",\"target\":\"https:\/\/www.anteaprevencion.com\/?s={search_term_string}\",\"query-input\":\"required name=search_term_string\"}],\"inLanguage\":\"ca\"},{\"@type\":\"ImageObject\",\"@id\":\"https:\/\/www.anteaprevencion.com\/plan-sumamos-salud-economia-en-cea-atiende-a-los-primeros-usuarios\/#primaryimage\",\"inLanguage\":\"ca\",\"url\":\"https:\/\/www.anteaprevencion.com\/wp-content\/uploads\/2021\/05\/plan-sumamos-esp.png\",\"width\":1000,\"height\":667},{\"@type\":\"WebPage\",\"@id\":\"https:\/\/www.anteaprevencion.com\/plan-sumamos-salud-economia-en-cea-atiende-a-los-primeros-usuarios\/#webpage\",\"url\":\"https:\/\/www.anteaprevencion.com\/plan-sumamos-salud-economia-en-cea-atiende-a-los-primeros-usuarios\/\",\"name\":\"\\u201cPlan Sumamos. Salud + Econom\\u00eda\\u201d en CEA atiende a los primeros usuarios - Prevenci\\u00f3n de Riesgos Laborales | PRL | Antea Prevenci\\u00f3n\",\"isPartOf\":{\"@id\":\"https:\/\/www.anteaprevencion.com\/#website\"},\"primaryImageOfPage\":{\"@id\":\"https:\/\/www.anteaprevencion.com\/plan-sumamos-salud-economia-en-cea-atiende-a-los-primeros-usuarios\/#primaryimage\"},\"datePublished\":\"2021-05-18T09:25:19+00:00\",\"dateModified\":\"2021-05-20T11:19:15+00:00\",\"author\":{\"@id\":\"https:\/\/www.anteaprevencion.com\/#\/schema\/person\/8d7a0c9df508d945ee11c9833cfb572e\"},\"description\":\"Treinta a\\u00f1os despu\\u00e9s de su inauguraci\\u00f3n el 2 de mayo de 1991 por la Reina Do\\u00f1a Sof\\u00eda, el Teatro de la Maestranza celebra que llega a este hito con un gran recorrido a sus espaldas, pero con toda la ilusi\\u00f3n por delante.\",\"breadcrumb\":{\"@id\":\"https:\/\/www.anteaprevencion.com\/plan-sumamos-salud-economia-en-cea-atiende-a-los-primeros-usuarios\/#breadcrumb\"},\"inLanguage\":\"ca\",\"potentialAction\":[{\"@type\":\"ReadAction\",\"target\":[\"https:\/\/www.anteaprevencion.com\/plan-sumamos-salud-economia-en-cea-atiende-a-los-primeros-usuarios\/\"]}]},{\"@type\":\"BreadcrumbList\",\"@id\":\"https:\/\/www.anteaprevencion.com\/plan-sumamos-salud-economia-en-cea-atiende-a-los-primeros-usuarios\/#breadcrumb\",\"itemListElement\":[{\"@type\":\"ListItem\",\"position\":1,\"item\":{\"@type\":\"WebPage\",\"@id\":\"https:\/\/www.anteaprevencion.com\/\",\"url\":\"https:\/\/www.anteaprevencion.com\/\",\"name\":\"Portada\"}},{\"@type\":\"ListItem\",\"position\":2,\"item\":{\"@type\":\"WebPage\",\"@id\":\"https:\/\/www.anteaprevencion.com\/plan-sumamos-salud-economia-en-cea-atiende-a-los-primeros-usuarios\/\",\"url\":\"https:\/\/www.anteaprevencion.com\/plan-sumamos-salud-economia-en-cea-atiende-a-los-primeros-usuarios\/\",\"name\":\"\\u201cPlan Sumamos. Salud + Econom\\u00eda\\u201d en CEA atiende a los primeros usuarios\"}}]},{\"@type\":\"Person\",\"@id\":\"https:\/\/www.anteaprevencion.com\/#\/schema\/person\/8d7a0c9df508d945ee11c9833cfb572e\",\"name\":\"Felipe Castillo\",\"image\":{\"@type\":\"ImageObject\",\"@id\":\"https:\/\/www.anteaprevencion.com\/#personlogo\",\"inLanguage\":\"ca\",\"url\":\"https:\/\/secure.gravatar.com\/avatar\/84abdbe79ab2f70bc77798fd1673232d?s=96&d=mm&r=g\",\"caption\":\"Felipe Castillo\"}}]}<\/script>\r\n<!-- \/ Yoast SEO plugin. -->","_links":{"self":[{"href":"https:\/\/www.anteaprevencion.com\/cat\/wp-json\/wp\/v2\/posts\/4824"}],"collection":[{"href":"https:\/\/www.anteaprevencion.com\/cat\/wp-json\/wp\/v2\/posts"}],"about":[{"href":"https:\/\/www.anteaprevencion.com\/cat\/wp-json\/wp\/v2\/types\/post"}],"author":[{"embeddable":true,"href":"https:\/\/www.anteaprevencion.com\/cat\/wp-json\/wp\/v2\/users\/3"}],"replies":[{"embeddable":true,"href":"https:\/\/www.anteaprevencion.com\/cat\/wp-json\/wp\/v2\/comments?post=4824"}],"version-history":[{"count":7,"href":"https:\/\/www.anteaprevencion.com\/cat\/wp-json\/wp\/v2\/posts\/4824\/revisions"}],"predecessor-version":[{"id":4856,"href":"https:\/\/www.anteaprevencion.com\/cat\/wp-json\/wp\/v2\/posts\/4824\/revisions\/4856"}],"wp:featuredmedia":[{"embeddable":true,"href":"https:\/\/www.anteaprevencion.com\/cat\/wp-json\/wp\/v2\/media\/4834"}],"wp:attachment":[{"href":"https:\/\/www.anteaprevencion.com\/cat\/wp-json\/wp\/v2\/media?parent=4824"}],"wp:term":[{"taxonomy":"category","embeddable":true,"href":"https:\/\/www.anteaprevencion.com\/cat\/wp-json\/wp\/v2\/categories?post=4824"},{"taxonomy":"post_tag","embeddable":true,"href":"https:\/\/www.anteaprevencion.com\/cat\/wp-json\/wp\/v2\/tags?post=4824"}],"curies":[{"name":"wp","href":"https:\/\/api.w.org\/{rel}","templated":true}]}}