{"id":7103,"date":"2024-11-19T13:58:23","date_gmt":"2024-11-19T13:58:23","guid":{"rendered":"https:\/\/www.anteaprevencion.com\/?p=7103"},"modified":"2024-11-27T13:06:40","modified_gmt":"2024-11-27T13:06:40","slug":"antea-prevencion-presente-en-las-jornadas-de-las-palmas-y-fuerteventura","status":"publish","type":"post","link":"https:\/\/www.anteaprevencion.com\/cat\/antea-prevencion-presente-en-las-jornadas-de-las-palmas-y-fuerteventura\/","title":{"rendered":"Antea Prevenci\u00f3n presente en las Jornadas de Las Palmas y Fuerteventura"},"content":{"rendered":"<h5>&nbsp;<\/h5>\n\n\n\n<p><strong>Antea Prevenci\u00f3n<\/strong> estuvo presente el pasado 7 y 8 de Noviembre, en la XLII Jornadas de Derecho del Trabajo, Seguridad Social y Recursos Humanos, celebrado por el Colegio Oficial de Graduados Sociales de Gran Canaria y Fuerteventura.<\/p>\n\n\n\n<p>En colaboraci\u00f3n con el Gobierno de Canarias. Este prestigioso evento reuni\u00f3 a destacados profesionales del sector para compartir conocimientos y experiencias en un entorno pr\u00e1ctico, con el apoyo de la Aula Pr\u00e1ctica Laboral Alonso Olea.<\/p>\n\n\n\n<p>En las jornadas se tuvimos la oportunidad de escuchar a diferentes ponentes, quienes hablaron de temas de actualidad: <\/p>\n\n\n\n<p>D\u00f1a. Mar\u00eda Salas ha explorado el tema de la libertad de expresi\u00f3n y de la personalidad en el \u00e1mbito laboral, poniendo el foco en c\u00f3mo esta se ha interpretado en la jurisprudencia europea.<\/p>\n\n\n\n<p>D\u00f1a. Carmen S\u00e1nchez Gombau, quien comparti\u00f3 su visi\u00f3n en una fascinante ponencia sobre \u201cInteligencia Artificial y Capital Humano: Sinergias para el \u00c9xito Empresarial\u201d.<\/p>\n\n\n\n<p>D. \u00d3scar Gonz\u00e1lez Prieto, quien ha compartido los \u00faltimos pronunciamientos de la Sala de lo Social del Tribunal Superior de Justicia de Canarias.<\/p>\n\n\n\n<p>D. Crist\u00f3bal Molina Navarrete, quien nos ofrece un an\u00e1lisis profundo sobre la reforma laboral y el despido improcedente.<\/p>\n\n\n\n<p>D. Virgilio Gallardo. Su ponencia sobre \u201cTransformando el entorno laboral: claves del liderazgo para el Bienestar Organizacional\u201d ha sido reveladora y llena de aprendizajes.<\/p>\n\n\n\n<p>D\u00f1a. Concepci\u00f3n Morales, quien ofreci\u00f3 una ponencia esclarecedora sobre el registro de jornada y la supervisi\u00f3n de la Inspecci\u00f3n de Trabajo. Su intervenci\u00f3n sobre los retos de la implementaci\u00f3n de estas medidas fue tan clara como crucial para el futuro del entorno laboral.<\/p>\n\n\n\n<p>D. Guillermo Leandro Barrios Baudor nos brind\u00f3 una ponencia indispensable sobre los puntos cr\u00edticos en la declaraci\u00f3n de una incapacidad permanente.<\/p>\n\n\n\n<p>D. Ignacio Garc\u00eda-Perrote, quien comparti\u00f3 una exhaustiva actualizaci\u00f3n sobre las novedades de la Sala de lo Social del Tribunal Supremo.<\/p>\n\n\n\n<p><\/p>\n\n\n\n<p><\/p>\n\n\n\n<figure class=\"wp-block-gallery columns-1 is-cropped\"><ul class=\"blocks-gallery-grid\"><li class=\"blocks-gallery-item\"><figure><img width=\"1600\" height=\"1066\" src=\"https:\/\/www.anteaprevencion.com\/wp-content\/uploads\/2024\/11\/foto-2-jornada.jpg\" alt=\"\" data-id=\"7110\" class=\"wp-image-7110\" srcset=\"https:\/\/www.anteaprevencion.com\/wp-content\/uploads\/2024\/11\/foto-2-jornada.jpg 1600w, https:\/\/www.anteaprevencion.com\/wp-content\/uploads\/2024\/11\/foto-2-jornada-300x200.jpg 300w, https:\/\/www.anteaprevencion.com\/wp-content\/uploads\/2024\/11\/foto-2-jornada-1024x682.jpg 1024w, https:\/\/www.anteaprevencion.com\/wp-content\/uploads\/2024\/11\/foto-2-jornada-768x512.jpg 768w, https:\/\/www.anteaprevencion.com\/wp-content\/uploads\/2024\/11\/foto-2-jornada-1536x1023.jpg 1536w, https:\/\/www.anteaprevencion.com\/wp-content\/uploads\/2024\/11\/foto-2-jornada-16x12.jpg 16w\" sizes=\"(max-width: 1600px) 100vw, 1600px\" \/><\/figure><\/li><li class=\"blocks-gallery-item\"><figure><img width=\"1600\" height=\"739\" src=\"https:\/\/www.anteaprevencion.com\/wp-content\/uploads\/2024\/11\/foto-1-jornada.jpg\" alt=\"\" data-id=\"7109\" class=\"wp-image-7109\" srcset=\"https:\/\/www.anteaprevencion.com\/wp-content\/uploads\/2024\/11\/foto-1-jornada.jpg 1600w, https:\/\/www.anteaprevencion.com\/wp-content\/uploads\/2024\/11\/foto-1-jornada-300x139.jpg 300w, https:\/\/www.anteaprevencion.com\/wp-content\/uploads\/2024\/11\/foto-1-jornada-1024x473.jpg 1024w, https:\/\/www.anteaprevencion.com\/wp-content\/uploads\/2024\/11\/foto-1-jornada-768x355.jpg 768w, https:\/\/www.anteaprevencion.com\/wp-content\/uploads\/2024\/11\/foto-1-jornada-1536x709.jpg 1536w, https:\/\/www.anteaprevencion.com\/wp-content\/uploads\/2024\/11\/foto-1-jornada-16x7.jpg 16w\" sizes=\"(max-width: 1600px) 100vw, 1600px\" \/><\/figure><\/li><li class=\"blocks-gallery-item\"><figure><img width=\"2560\" height=\"1920\" src=\"https:\/\/www.anteaprevencion.com\/wp-content\/uploads\/2024\/11\/foto-3-jornada-scaled.jpg\" alt=\"\" data-id=\"7111\" class=\"wp-image-7111\" srcset=\"https:\/\/www.anteaprevencion.com\/wp-content\/uploads\/2024\/11\/foto-3-jornada-scaled.jpg 2560w, https:\/\/www.anteaprevencion.com\/wp-content\/uploads\/2024\/11\/foto-3-jornada-300x225.jpg 300w, https:\/\/www.anteaprevencion.com\/wp-content\/uploads\/2024\/11\/foto-3-jornada-1024x768.jpg 1024w, https:\/\/www.anteaprevencion.com\/wp-content\/uploads\/2024\/11\/foto-3-jornada-768x576.jpg 768w, https:\/\/www.anteaprevencion.com\/wp-content\/uploads\/2024\/11\/foto-3-jornada-1536x1152.jpg 1536w, https:\/\/www.anteaprevencion.com\/wp-content\/uploads\/2024\/11\/foto-3-jornada-2048x1536.jpg 2048w, https:\/\/www.anteaprevencion.com\/wp-content\/uploads\/2024\/11\/foto-3-jornada-16x12.jpg 16w\" sizes=\"(max-width: 2560px) 100vw, 2560px\" \/><\/figure><\/li><\/ul><\/figure>\n\n\n\n<p><\/p>","protected":false},"excerpt":{"rendered":"<p>&nbsp; Antea Prevenci\u00f3n estuvo presente el pasado 7 y 8 de Noviembre, en la XLII Jornadas de Derecho del Trabajo, Seguridad Social y Recursos Humanos, celebrado por el Colegio Oficial de Graduados Sociales de Gran Canaria y Fuerteventura. En colaboraci\u00f3n con el Gobierno de Canarias. Este prestigioso evento reuni\u00f3 a destacados profesionales del sector para &#8230; <a title=\"Antea Prevenci\u00f3n presente en las Jornadas de Las Palmas y Fuerteventura\" class=\"read-more\" href=\"https:\/\/www.anteaprevencion.com\/cat\/antea-prevencion-presente-en-las-jornadas-de-las-palmas-y-fuerteventura\/\" aria-label=\"M\u00e9s sobre Antea Prevenci\u00f3n presente en las Jornadas de Las Palmas y Fuerteventura\">Llegiu m\u00e9s<\/a><\/p>","protected":false},"author":3,"featured_media":7113,"comment_status":"open","ping_status":"open","sticky":false,"template":"","format":"standard","meta":[],"categories":[106],"tags":[],"yoast_head":"<!-- This site is optimized with the Yoast SEO plugin v15.8 - https:\/\/yoast.com\/wordpress\/plugins\/seo\/ -->\r\n<title>Antea Prevenci\u00f3n presente en las Jornadas de Las Palmas y Fuerteventura - Prevenci\u00f3n de Riesgos Laborales | PRL | Antea Prevenci\u00f3n<\/title>\r\n<meta name=\"description\" content=\"Antea Prevenci\u00f3n particip\u00f3 en la II Jornada Laboralista en Canarias, un evento clave para profesionales del Derecho Laboral y Recursos Humanos, celebrado el 24 de mayo.\" \/>\r\n<meta name=\"robots\" content=\"index, follow, max-snippet:-1, max-image-preview:large, max-video-preview:-1\" \/>\r\n<link rel=\"canonical\" href=\"https:\/\/www.anteaprevencion.com\/cat\/antea-prevencion-presente-en-las-jornadas-de-las-palmas-y-fuerteventura\/\" \/>\r\n<meta property=\"og:locale\" content=\"ca_ES\" \/>\r\n<meta property=\"og:type\" content=\"article\" \/>\r\n<meta property=\"og:title\" content=\"Antea Prevenci\u00f3n presente en las Jornadas de Las Palmas y Fuerteventura - Prevenci\u00f3n de Riesgos Laborales | PRL | Antea Prevenci\u00f3n\" \/>\r\n<meta property=\"og:description\" content=\"Antea Prevenci\u00f3n particip\u00f3 en la II Jornada Laboralista en Canarias, un evento clave para profesionales del Derecho Laboral y Recursos Humanos, celebrado el 24 de mayo.\" \/>\r\n<meta property=\"og:url\" content=\"https:\/\/www.anteaprevencion.com\/cat\/antea-prevencion-presente-en-las-jornadas-de-las-palmas-y-fuerteventura\/\" \/>\r\n<meta property=\"og:site_name\" content=\"Prevenci\u00f3n de Riesgos Laborales | PRL | Antea Prevenci\u00f3n\" \/>\r\n<meta property=\"article:published_time\" content=\"2024-11-19T13:58:23+00:00\" \/>\r\n<meta property=\"article:modified_time\" content=\"2024-11-27T13:06:40+00:00\" \/>\r\n<meta property=\"og:image\" content=\"https:\/\/www.anteaprevencion.com\/wp-content\/uploads\/2024\/11\/imagen-noticia-las-palmas.png\" \/>\r\n\t<meta property=\"og:image:width\" content=\"1000\" \/>\r\n\t<meta property=\"og:image:height\" content=\"667\" \/>\r\n<meta name=\"twitter:card\" content=\"summary_large_image\" \/>\r\n<meta name=\"twitter:label1\" content=\"Temps estimat de lectura\">\n\t<meta name=\"twitter:data1\" content=\"2 minuts\">\r\n<script type=\"application\/ld+json\" class=\"yoast-schema-graph\">{\"@context\":\"https:\/\/schema.org\",\"@graph\":[{\"@type\":\"WebSite\",\"@id\":\"https:\/\/www.anteaprevencion.com\/#website\",\"url\":\"https:\/\/www.anteaprevencion.com\/\",\"name\":\"Prevenci\\u00f3n de Riesgos Laborales | PRL | Antea Prevenci\\u00f3n\",\"description\":\"\",\"potentialAction\":[{\"@type\":\"SearchAction\",\"target\":\"https:\/\/www.anteaprevencion.com\/?s={search_term_string}\",\"query-input\":\"required name=search_term_string\"}],\"inLanguage\":\"ca\"},{\"@type\":\"ImageObject\",\"@id\":\"https:\/\/www.anteaprevencion.com\/antea-prevencion-presente-en-las-jornadas-de-las-palmas-y-fuerteventura\/#primaryimage\",\"inLanguage\":\"ca\",\"url\":\"https:\/\/www.anteaprevencion.com\/wp-content\/uploads\/2024\/11\/imagen-noticia-las-palmas.png\",\"width\":1000,\"height\":667},{\"@type\":\"WebPage\",\"@id\":\"https:\/\/www.anteaprevencion.com\/antea-prevencion-presente-en-las-jornadas-de-las-palmas-y-fuerteventura\/#webpage\",\"url\":\"https:\/\/www.anteaprevencion.com\/antea-prevencion-presente-en-las-jornadas-de-las-palmas-y-fuerteventura\/\",\"name\":\"Antea Prevenci\\u00f3n presente en las Jornadas de Las Palmas y Fuerteventura - Prevenci\\u00f3n de Riesgos Laborales | PRL | Antea Prevenci\\u00f3n\",\"isPartOf\":{\"@id\":\"https:\/\/www.anteaprevencion.com\/#website\"},\"primaryImageOfPage\":{\"@id\":\"https:\/\/www.anteaprevencion.com\/antea-prevencion-presente-en-las-jornadas-de-las-palmas-y-fuerteventura\/#primaryimage\"},\"datePublished\":\"2024-11-19T13:58:23+00:00\",\"dateModified\":\"2024-11-27T13:06:40+00:00\",\"author\":{\"@id\":\"https:\/\/www.anteaprevencion.com\/#\/schema\/person\/8d7a0c9df508d945ee11c9833cfb572e\"},\"description\":\"Antea Prevenci\\u00f3n particip\\u00f3 en la II Jornada Laboralista en Canarias, un evento clave para profesionales del Derecho Laboral y Recursos Humanos, celebrado el 24 de mayo.\",\"breadcrumb\":{\"@id\":\"https:\/\/www.anteaprevencion.com\/antea-prevencion-presente-en-las-jornadas-de-las-palmas-y-fuerteventura\/#breadcrumb\"},\"inLanguage\":\"ca\",\"potentialAction\":[{\"@type\":\"ReadAction\",\"target\":[\"https:\/\/www.anteaprevencion.com\/antea-prevencion-presente-en-las-jornadas-de-las-palmas-y-fuerteventura\/\"]}]},{\"@type\":\"BreadcrumbList\",\"@id\":\"https:\/\/www.anteaprevencion.com\/antea-prevencion-presente-en-las-jornadas-de-las-palmas-y-fuerteventura\/#breadcrumb\",\"itemListElement\":[{\"@type\":\"ListItem\",\"position\":1,\"item\":{\"@type\":\"WebPage\",\"@id\":\"https:\/\/www.anteaprevencion.com\/\",\"url\":\"https:\/\/www.anteaprevencion.com\/\",\"name\":\"Portada\"}},{\"@type\":\"ListItem\",\"position\":2,\"item\":{\"@type\":\"WebPage\",\"@id\":\"https:\/\/www.anteaprevencion.com\/antea-prevencion-presente-en-las-jornadas-de-las-palmas-y-fuerteventura\/\",\"url\":\"https:\/\/www.anteaprevencion.com\/antea-prevencion-presente-en-las-jornadas-de-las-palmas-y-fuerteventura\/\",\"name\":\"Antea Prevenci\\u00f3n presente en las Jornadas de Las Palmas y Fuerteventura\"}}]},{\"@type\":\"Person\",\"@id\":\"https:\/\/www.anteaprevencion.com\/#\/schema\/person\/8d7a0c9df508d945ee11c9833cfb572e\",\"name\":\"Felipe Castillo\",\"image\":{\"@type\":\"ImageObject\",\"@id\":\"https:\/\/www.anteaprevencion.com\/#personlogo\",\"inLanguage\":\"ca\",\"url\":\"https:\/\/secure.gravatar.com\/avatar\/84abdbe79ab2f70bc77798fd1673232d?s=96&d=mm&r=g\",\"caption\":\"Felipe Castillo\"}}]}<\/script>\r\n<!-- \/ Yoast SEO plugin. -->","_links":{"self":[{"href":"https:\/\/www.anteaprevencion.com\/cat\/wp-json\/wp\/v2\/posts\/7103"}],"collection":[{"href":"https:\/\/www.anteaprevencion.com\/cat\/wp-json\/wp\/v2\/posts"}],"about":[{"href":"https:\/\/www.anteaprevencion.com\/cat\/wp-json\/wp\/v2\/types\/post"}],"author":[{"embeddable":true,"href":"https:\/\/www.anteaprevencion.com\/cat\/wp-json\/wp\/v2\/users\/3"}],"replies":[{"embeddable":true,"href":"https:\/\/www.anteaprevencion.com\/cat\/wp-json\/wp\/v2\/comments?post=7103"}],"version-history":[{"count":3,"href":"https:\/\/www.anteaprevencion.com\/cat\/wp-json\/wp\/v2\/posts\/7103\/revisions"}],"predecessor-version":[{"id":7142,"href":"https:\/\/www.anteaprevencion.com\/cat\/wp-json\/wp\/v2\/posts\/7103\/revisions\/7142"}],"wp:featuredmedia":[{"embeddable":true,"href":"https:\/\/www.anteaprevencion.com\/cat\/wp-json\/wp\/v2\/media\/7113"}],"wp:attachment":[{"href":"https:\/\/www.anteaprevencion.com\/cat\/wp-json\/wp\/v2\/media?parent=7103"}],"wp:term":[{"taxonomy":"category","embeddable":true,"href":"https:\/\/www.anteaprevencion.com\/cat\/wp-json\/wp\/v2\/categories?post=7103"},{"taxonomy":"post_tag","embeddable":true,"href":"https:\/\/www.anteaprevencion.com\/cat\/wp-json\/wp\/v2\/tags?post=7103"}],"curies":[{"name":"wp","href":"https:\/\/api.w.org\/{rel}","templated":true}]}}