{"id":7385,"date":"2025-04-22T11:36:46","date_gmt":"2025-04-22T11:36:46","guid":{"rendered":"https:\/\/www.anteaprevencion.com\/?p=7385"},"modified":"2025-05-22T12:49:48","modified_gmt":"2025-05-22T12:49:48","slug":"antea-homenajea-empleados-canarias","status":"publish","type":"post","link":"https:\/\/www.anteaprevencion.com\/cat\/antea-homenajea-empleados-canarias\/","title":{"rendered":"Antea homenajea a sus profesionales en Canarias por su compromiso y excelencia"},"content":{"rendered":"<p>En Antea, la excelencia profesional no solo se persigue, tambi\u00e9n se reconoce. Por ello, hemos celebrado un acto de homenaje a nuestros empleados de las Islas Canarias, haciendo entrega de una <strong>placa conmemorativa<\/strong> como muestra de gratitud por su labor ejemplar.<\/p>\n\n\n\n<p>Gracias a Idaira Dolores Ram\u00edrez Ram\u00edrez, Fernando Rancel Dom\u00ednguez, Mar\u00eda Isabel Rodr\u00edguez Matos y Mar\u00eda Sara G\u00f3mez Hern\u00e1ndez.<\/p>\n\n\n\n<p>El evento cont\u00f3 con la presencia de <strong>Joaqu\u00edn Caro, Antonio Caro y Mar\u00eda Reyes Caro<\/strong>, quienes destacaron el papel fundamental de los equipos humanos en el desarrollo y \u00e9xito empresarial de Antea.<\/p>\n\n\n\n<p>\u00abNuestros profesionales son el motor de la compa\u00f1\u00eda. Su entrega, compromiso y vocaci\u00f3n de servicio son clave para alcanzar los objetivos que nos proponemos\u00bb, se\u00f1alaron durante el acto.<\/p>\n\n\n\n<figure class=\"wp-block-gallery columns-3 is-cropped\"><ul class=\"blocks-gallery-grid\"><li class=\"blocks-gallery-item\"><figure><img width=\"1024\" height=\"1024\" src=\"https:\/\/www.anteaprevencion.com\/wp-content\/uploads\/2025\/04\/Canarias-1-1024x1024.jpg\" alt=\"\" data-id=\"7386\" data-full-url=\"https:\/\/www.anteaprevencion.com\/wp-content\/uploads\/2025\/04\/Canarias-1.jpg\" data-link=\"https:\/\/www.anteaprevencion.com\/?attachment_id=7386#main\" class=\"wp-image-7386\" srcset=\"https:\/\/www.anteaprevencion.com\/wp-content\/uploads\/2025\/04\/Canarias-1-1024x1024.jpg 1024w, https:\/\/www.anteaprevencion.com\/wp-content\/uploads\/2025\/04\/Canarias-1-300x300.jpg 300w, https:\/\/www.anteaprevencion.com\/wp-content\/uploads\/2025\/04\/Canarias-1-150x150.jpg 150w, https:\/\/www.anteaprevencion.com\/wp-content\/uploads\/2025\/04\/Canarias-1-768x768.jpg 768w, https:\/\/www.anteaprevencion.com\/wp-content\/uploads\/2025\/04\/Canarias-1-250x250.jpg 250w, https:\/\/www.anteaprevencion.com\/wp-content\/uploads\/2025\/04\/Canarias-1-12x12.jpg 12w, https:\/\/www.anteaprevencion.com\/wp-content\/uploads\/2025\/04\/Canarias-1.jpg 1200w\" sizes=\"(max-width: 1024px) 100vw, 1024px\" \/><\/figure><\/li><li class=\"blocks-gallery-item\"><figure><img width=\"1024\" height=\"1024\" src=\"https:\/\/www.anteaprevencion.com\/wp-content\/uploads\/2025\/04\/Canarias-2-1024x1024.jpg\" alt=\"\" data-id=\"7387\" data-full-url=\"https:\/\/www.anteaprevencion.com\/wp-content\/uploads\/2025\/04\/Canarias-2.jpg\" data-link=\"https:\/\/www.anteaprevencion.com\/?attachment_id=7387#main\" class=\"wp-image-7387\" srcset=\"https:\/\/www.anteaprevencion.com\/wp-content\/uploads\/2025\/04\/Canarias-2-1024x1024.jpg 1024w, https:\/\/www.anteaprevencion.com\/wp-content\/uploads\/2025\/04\/Canarias-2-300x300.jpg 300w, https:\/\/www.anteaprevencion.com\/wp-content\/uploads\/2025\/04\/Canarias-2-150x150.jpg 150w, https:\/\/www.anteaprevencion.com\/wp-content\/uploads\/2025\/04\/Canarias-2-768x768.jpg 768w, https:\/\/www.anteaprevencion.com\/wp-content\/uploads\/2025\/04\/Canarias-2-250x250.jpg 250w, https:\/\/www.anteaprevencion.com\/wp-content\/uploads\/2025\/04\/Canarias-2-12x12.jpg 12w, https:\/\/www.anteaprevencion.com\/wp-content\/uploads\/2025\/04\/Canarias-2.jpg 1200w\" sizes=\"(max-width: 1024px) 100vw, 1024px\" \/><\/figure><\/li><li class=\"blocks-gallery-item\"><figure><img width=\"1024\" height=\"1024\" src=\"https:\/\/www.anteaprevencion.com\/wp-content\/uploads\/2025\/04\/Canarias-3-1024x1024.jpg\" alt=\"\" data-id=\"7388\" data-full-url=\"https:\/\/www.anteaprevencion.com\/wp-content\/uploads\/2025\/04\/Canarias-3.jpg\" data-link=\"https:\/\/www.anteaprevencion.com\/?attachment_id=7388#main\" class=\"wp-image-7388\" srcset=\"https:\/\/www.anteaprevencion.com\/wp-content\/uploads\/2025\/04\/Canarias-3-1024x1024.jpg 1024w, https:\/\/www.anteaprevencion.com\/wp-content\/uploads\/2025\/04\/Canarias-3-300x300.jpg 300w, https:\/\/www.anteaprevencion.com\/wp-content\/uploads\/2025\/04\/Canarias-3-150x150.jpg 150w, https:\/\/www.anteaprevencion.com\/wp-content\/uploads\/2025\/04\/Canarias-3-768x768.jpg 768w, https:\/\/www.anteaprevencion.com\/wp-content\/uploads\/2025\/04\/Canarias-3-250x250.jpg 250w, https:\/\/www.anteaprevencion.com\/wp-content\/uploads\/2025\/04\/Canarias-3-12x12.jpg 12w, https:\/\/www.anteaprevencion.com\/wp-content\/uploads\/2025\/04\/Canarias-3.jpg 1200w\" sizes=\"(max-width: 1024px) 100vw, 1024px\" \/><\/figure><\/li><li class=\"blocks-gallery-item\"><figure><img width=\"1024\" height=\"1024\" src=\"https:\/\/www.anteaprevencion.com\/wp-content\/uploads\/2025\/04\/Canarias-4-1024x1024.jpg\" alt=\"\" data-id=\"7389\" data-full-url=\"https:\/\/www.anteaprevencion.com\/wp-content\/uploads\/2025\/04\/Canarias-4.jpg\" data-link=\"https:\/\/www.anteaprevencion.com\/?attachment_id=7389#main\" class=\"wp-image-7389\" srcset=\"https:\/\/www.anteaprevencion.com\/wp-content\/uploads\/2025\/04\/Canarias-4-1024x1024.jpg 1024w, https:\/\/www.anteaprevencion.com\/wp-content\/uploads\/2025\/04\/Canarias-4-300x300.jpg 300w, https:\/\/www.anteaprevencion.com\/wp-content\/uploads\/2025\/04\/Canarias-4-150x150.jpg 150w, https:\/\/www.anteaprevencion.com\/wp-content\/uploads\/2025\/04\/Canarias-4-768x768.jpg 768w, https:\/\/www.anteaprevencion.com\/wp-content\/uploads\/2025\/04\/Canarias-4-250x250.jpg 250w, https:\/\/www.anteaprevencion.com\/wp-content\/uploads\/2025\/04\/Canarias-4-12x12.jpg 12w, https:\/\/www.anteaprevencion.com\/wp-content\/uploads\/2025\/04\/Canarias-4.jpg 1200w\" sizes=\"(max-width: 1024px) 100vw, 1024px\" \/><\/figure><\/li><\/ul><\/figure>\n\n\n\n<p>En Antea, apostamos firmemente por el reconocimiento al talento y la implicaci\u00f3n. Este homenaje es solo una muestra de nuestro agradecimiento hacia quienes, d\u00eda a d\u00eda, construyen la excelencia desde el trabajo bien hecho. Seguimos avanzando, con nuestros equipos como protagonistas.<\/p>\n\n\n\n<figure class=\"wp-block-image size-large\"><a href=\"https:\/\/www.anteaprevencion.com\/cat\/pressupost-prevencio-riscos-laborals\/\"><img src=\"https:\/\/www.anteaprevencion.com\/wp-content\/uploads\/2025\/04\/Banner-Antea-Prevencion.gif\" alt=\"\"\/><\/a><\/figure>","protected":false},"excerpt":{"rendered":"<p>En Antea, la excelencia profesional no solo se persigue, tambi\u00e9n se reconoce. Por ello, hemos celebrado un acto de homenaje a nuestros empleados de las Islas Canarias, haciendo entrega de una placa conmemorativa como muestra de gratitud por su labor ejemplar. Gracias a Idaira Dolores Ram\u00edrez Ram\u00edrez, Fernando Rancel Dom\u00ednguez, Mar\u00eda Isabel Rodr\u00edguez Matos y &#8230; <a title=\"Antea homenajea a sus profesionales en Canarias por su compromiso y excelencia\" class=\"read-more\" href=\"https:\/\/www.anteaprevencion.com\/cat\/antea-homenajea-empleados-canarias\/\" aria-label=\"M\u00e9s sobre Antea homenajea a sus profesionales en Canarias por su compromiso y excelencia\">Llegiu m\u00e9s<\/a><\/p>","protected":false},"author":3,"featured_media":7429,"comment_status":"closed","ping_status":"closed","sticky":false,"template":"","format":"standard","meta":[],"categories":[106,122,115],"tags":[162,163],"yoast_head":"<!-- This site is optimized with the Yoast SEO plugin v15.8 - https:\/\/yoast.com\/wordpress\/plugins\/seo\/ -->\r\n<title>Antea homenajea a sus profesionales en Canarias por su excelencia<\/title>\r\n<meta name=\"description\" content=\"El acto de homenaje a los profesionales en Canarias, cont\u00f3 con la presencia de Joaqu\u00edn Caro, Antonio Caro y Mari Reyes Caro\" \/>\r\n<meta name=\"robots\" content=\"index, follow, max-snippet:-1, max-image-preview:large, max-video-preview:-1\" \/>\r\n<link rel=\"canonical\" href=\"https:\/\/www.anteaprevencion.com\/cat\/antea-homenajea-empleados-canarias\/\" \/>\r\n<meta property=\"og:locale\" content=\"ca_ES\" \/>\r\n<meta property=\"og:type\" content=\"article\" \/>\r\n<meta property=\"og:title\" content=\"Antea homenajea a sus profesionales en Canarias por su excelencia\" \/>\r\n<meta property=\"og:description\" content=\"El acto de homenaje a los profesionales en Canarias, cont\u00f3 con la presencia de Joaqu\u00edn Caro, Antonio Caro y Mari Reyes Caro\" \/>\r\n<meta property=\"og:url\" content=\"https:\/\/www.anteaprevencion.com\/cat\/antea-homenajea-empleados-canarias\/\" \/>\r\n<meta property=\"og:site_name\" content=\"Prevenci\u00f3n de Riesgos Laborales | PRL | Antea Prevenci\u00f3n\" \/>\r\n<meta property=\"article:published_time\" content=\"2025-04-22T11:36:46+00:00\" \/>\r\n<meta property=\"article:modified_time\" content=\"2025-05-22T12:49:48+00:00\" \/>\r\n<meta property=\"og:image\" content=\"https:\/\/www.anteaprevencion.com\/wp-content\/uploads\/2025\/04\/blog-canarias.jpg\" \/>\r\n\t<meta property=\"og:image:width\" content=\"1500\" \/>\r\n\t<meta property=\"og:image:height\" content=\"1000\" \/>\r\n<meta name=\"twitter:card\" content=\"summary_large_image\" \/>\r\n<meta name=\"twitter:label1\" content=\"Temps estimat de lectura\">\n\t<meta name=\"twitter:data1\" content=\"2 minuts\">\r\n<script type=\"application\/ld+json\" class=\"yoast-schema-graph\">{\"@context\":\"https:\/\/schema.org\",\"@graph\":[{\"@type\":\"WebSite\",\"@id\":\"https:\/\/www.anteaprevencion.com\/#website\",\"url\":\"https:\/\/www.anteaprevencion.com\/\",\"name\":\"Prevenci\\u00f3n de Riesgos Laborales | PRL | Antea Prevenci\\u00f3n\",\"description\":\"\",\"potentialAction\":[{\"@type\":\"SearchAction\",\"target\":\"https:\/\/www.anteaprevencion.com\/?s={search_term_string}\",\"query-input\":\"required name=search_term_string\"}],\"inLanguage\":\"ca\"},{\"@type\":\"ImageObject\",\"@id\":\"https:\/\/www.anteaprevencion.com\/antea-homenajea-empleados-canarias\/#primaryimage\",\"inLanguage\":\"ca\",\"url\":\"https:\/\/www.anteaprevencion.com\/wp-content\/uploads\/2025\/04\/blog-canarias.jpg\",\"width\":1500,\"height\":1000},{\"@type\":\"WebPage\",\"@id\":\"https:\/\/www.anteaprevencion.com\/antea-homenajea-empleados-canarias\/#webpage\",\"url\":\"https:\/\/www.anteaprevencion.com\/antea-homenajea-empleados-canarias\/\",\"name\":\"Antea homenajea a sus profesionales en Canarias por su excelencia\",\"isPartOf\":{\"@id\":\"https:\/\/www.anteaprevencion.com\/#website\"},\"primaryImageOfPage\":{\"@id\":\"https:\/\/www.anteaprevencion.com\/antea-homenajea-empleados-canarias\/#primaryimage\"},\"datePublished\":\"2025-04-22T11:36:46+00:00\",\"dateModified\":\"2025-05-22T12:49:48+00:00\",\"author\":{\"@id\":\"https:\/\/www.anteaprevencion.com\/#\/schema\/person\/8d7a0c9df508d945ee11c9833cfb572e\"},\"description\":\"El acto de homenaje a los profesionales en Canarias, cont\\u00f3 con la presencia de Joaqu\\u00edn Caro, Antonio Caro y Mari Reyes Caro\",\"breadcrumb\":{\"@id\":\"https:\/\/www.anteaprevencion.com\/antea-homenajea-empleados-canarias\/#breadcrumb\"},\"inLanguage\":\"ca\",\"potentialAction\":[{\"@type\":\"ReadAction\",\"target\":[\"https:\/\/www.anteaprevencion.com\/antea-homenajea-empleados-canarias\/\"]}]},{\"@type\":\"BreadcrumbList\",\"@id\":\"https:\/\/www.anteaprevencion.com\/antea-homenajea-empleados-canarias\/#breadcrumb\",\"itemListElement\":[{\"@type\":\"ListItem\",\"position\":1,\"item\":{\"@type\":\"WebPage\",\"@id\":\"https:\/\/www.anteaprevencion.com\/\",\"url\":\"https:\/\/www.anteaprevencion.com\/\",\"name\":\"Portada\"}},{\"@type\":\"ListItem\",\"position\":2,\"item\":{\"@type\":\"WebPage\",\"@id\":\"https:\/\/www.anteaprevencion.com\/antea-homenajea-empleados-canarias\/\",\"url\":\"https:\/\/www.anteaprevencion.com\/antea-homenajea-empleados-canarias\/\",\"name\":\"Antea homenajea a sus profesionales en Canarias por su compromiso y excelencia\"}}]},{\"@type\":\"Person\",\"@id\":\"https:\/\/www.anteaprevencion.com\/#\/schema\/person\/8d7a0c9df508d945ee11c9833cfb572e\",\"name\":\"Felipe Castillo\",\"image\":{\"@type\":\"ImageObject\",\"@id\":\"https:\/\/www.anteaprevencion.com\/#personlogo\",\"inLanguage\":\"ca\",\"url\":\"https:\/\/secure.gravatar.com\/avatar\/84abdbe79ab2f70bc77798fd1673232d?s=96&d=mm&r=g\",\"caption\":\"Felipe Castillo\"}}]}<\/script>\r\n<!-- \/ Yoast SEO plugin. -->","_links":{"self":[{"href":"https:\/\/www.anteaprevencion.com\/cat\/wp-json\/wp\/v2\/posts\/7385"}],"collection":[{"href":"https:\/\/www.anteaprevencion.com\/cat\/wp-json\/wp\/v2\/posts"}],"about":[{"href":"https:\/\/www.anteaprevencion.com\/cat\/wp-json\/wp\/v2\/types\/post"}],"author":[{"embeddable":true,"href":"https:\/\/www.anteaprevencion.com\/cat\/wp-json\/wp\/v2\/users\/3"}],"replies":[{"embeddable":true,"href":"https:\/\/www.anteaprevencion.com\/cat\/wp-json\/wp\/v2\/comments?post=7385"}],"version-history":[{"count":3,"href":"https:\/\/www.anteaprevencion.com\/cat\/wp-json\/wp\/v2\/posts\/7385\/revisions"}],"predecessor-version":[{"id":7486,"href":"https:\/\/www.anteaprevencion.com\/cat\/wp-json\/wp\/v2\/posts\/7385\/revisions\/7486"}],"wp:featuredmedia":[{"embeddable":true,"href":"https:\/\/www.anteaprevencion.com\/cat\/wp-json\/wp\/v2\/media\/7429"}],"wp:attachment":[{"href":"https:\/\/www.anteaprevencion.com\/cat\/wp-json\/wp\/v2\/media?parent=7385"}],"wp:term":[{"taxonomy":"category","embeddable":true,"href":"https:\/\/www.anteaprevencion.com\/cat\/wp-json\/wp\/v2\/categories?post=7385"},{"taxonomy":"post_tag","embeddable":true,"href":"https:\/\/www.anteaprevencion.com\/cat\/wp-json\/wp\/v2\/tags?post=7385"}],"curies":[{"name":"wp","href":"https:\/\/api.w.org\/{rel}","templated":true}]}}