{"id":1476,"date":"2020-01-17T12:06:30","date_gmt":"2020-01-17T12:06:30","guid":{"rendered":"https:\/\/www.anteaprevencion.com\/firma-del-acuerdo-de-colaboracion-entre-antea-y-el-consejo-general-de-graduados-sociales-de-espana\/"},"modified":"2021-03-05T09:12:22","modified_gmt":"2021-03-05T09:12:22","slug":"firma-del-acuerdo-de-colaboracion-entre-antea-y-el-consejo-general-de-graduados-sociales-de-espana","status":"publish","type":"post","link":"https:\/\/www.anteaprevencion.com\/en\/firma-del-acuerdo-de-colaboracion-entre-antea-y-el-consejo-general-de-graduados-sociales-de-espana\/","title":{"rendered":"FIRMA DEL ACUERDO DE COLABORACI\u00d3N ENTRE ANTEA Y EL CONSEJO GENERAL DE GRADUADOS SOCIALES DE ESPA\u00d1A"},"content":{"rendered":"<p><img class=\"alignnone size-large wp-image-4001 aligncenter\" src=\"https:\/\/www.anteaprevencion.com\/wp-content\/uploads\/2020\/01\/nota-consejo-1024x667.png\" alt=\"\" width=\"1024\" height=\"667\" srcset=\"https:\/\/www.anteaprevencion.com\/wp-content\/uploads\/2020\/01\/nota-consejo-1024x667.png 1024w, https:\/\/www.anteaprevencion.com\/wp-content\/uploads\/2020\/01\/nota-consejo-300x195.png 300w, https:\/\/www.anteaprevencion.com\/wp-content\/uploads\/2020\/01\/nota-consejo-768x500.png 768w, https:\/\/www.anteaprevencion.com\/wp-content\/uploads\/2020\/01\/nota-consejo-16x10.png 16w, https:\/\/www.anteaprevencion.com\/wp-content\/uploads\/2020\/01\/nota-consejo.png 1463w\" sizes=\"(max-width: 1024px) 100vw, 1024px\" \/><\/p>\n<h5><\/h5>\n<h5><span style=\"font-family: 'Trebuchet MS', Geneva;\">Madrid &#8211; 2019<\/span> <span style=\"font-family: 'Trebuchet MS', Geneva;\">El convenio entre ambas instituciones contempla una jornada formativa en materia laboral y prevenci\u00f3n, adem\u00e1s de otras ventajas para los colegiados.<\/span><\/h5>\n<p><!--more Seguir leyendo--><span style=\"font-weight: 400; font-family: 'Trebuchet MS', Geneva;\">Donde se explica toda la trayectoria de Antea y como ha llegado a ser una empresa premiada en varias ocasiones. Madrid, 2019 \u2013 El Consejo General de Graduados Sociales de Espa\u00f1a ha firmado un acuerdo de colaboraci\u00f3n con Antea , empresa nacional de Prevenci\u00f3n de Riesgos laborales, con m\u00e1s de 100 Delegaciones por toda la geograf\u00eda espa\u00f1ola.<\/span> <span style=\"font-weight: 400; font-family: 'Trebuchet MS', Geneva;\">Este acuerdo fue suscrito entre Ricardo Gabald\u00f3n, presidente del Consejo General de Graduados Sociales y Joaqu\u00edn Caro , presidente de Antea y tuvo lugar en la ciudad condal coincidiendo con l a celebraci\u00f3n de l as IV Jornadas Laboralistas de Barcelona que organizaba el Colegio barcelon\u00e9s y la Fundaci\u00f3n Justicia Social.<\/span> <span style=\"font-weight: 400; font-family: 'Trebuchet MS', Geneva;\">Antea cuenta con m\u00e1s de 70.000 clientes satisfechos en toda Espa\u00f1a y, una fuerte infraestructura de instalaciones propias y un equipo de personas muy competente que desde hace m\u00e1s de 15 a\u00f1os, trabajan para proveer de soluciones las empresas.<\/span> \u00a0 <img class=\"alignnone size-full wp-image-8482\" src=\"https:\/\/www.anteaprevencion.com\/wp-content\/uploads\/2020\/01\/antea2205192-5286069.jpg\" alt=\"antea2205192-5286069\" width=\"630\" height=\"420\" \/><\/p>\n<h5><span style=\"font-family: 'Trebuchet MS', Geneva;\">El Consejo General de Graduados Sociales pretende con la firma de este acuerdo ofrecer a su colectivo un trato exclusivo y eficiente por parte de este servicio de prevenci\u00f3n, que cuenta adem\u00e1s con certificaciones como AENOR, as\u00ed como IQNET a nivel internacional en calidad ISO 9001, que avalan la brillante trayectoria de esta empresa espa\u00f1ola.<\/span><\/h5>","protected":false},"excerpt":{"rendered":"<p>Madrid &#8211; 2019 El convenio entre ambas instituciones contempla una jornada formativa en materia laboral y prevenci\u00f3n, adem\u00e1s de otras ventajas para los colegiados.<\/p>","protected":false},"author":3,"featured_media":612,"comment_status":"open","ping_status":"open","sticky":false,"template":"","format":"standard","meta":[],"categories":[91,94,95],"tags":[104],"yoast_head":"<!-- This site is optimized with the Yoast SEO plugin v15.8 - https:\/\/yoast.com\/wordpress\/plugins\/seo\/ -->\r\n<title>FIRMA DEL ACUERDO DE COLABORACI\u00d3N ENTRE ANTEA Y EL CONSEJO GENERAL DE GRADUADOS SOCIALES DE ESPA\u00d1A - Prevenci\u00f3n de Riesgos Laborales | PRL | Antea Prevenci\u00f3n<\/title>\r\n<meta name=\"robots\" content=\"index, follow, max-snippet:-1, max-image-preview:large, max-video-preview:-1\" \/>\r\n<link rel=\"canonical\" href=\"https:\/\/www.anteaprevencion.com\/en\/firma-del-acuerdo-de-colaboracion-entre-antea-y-el-consejo-general-de-graduados-sociales-de-espana\/\" \/>\r\n<meta property=\"og:locale\" content=\"en_GB\" \/>\r\n<meta property=\"og:type\" content=\"article\" \/>\r\n<meta property=\"og:title\" content=\"FIRMA DEL ACUERDO DE COLABORACI\u00d3N ENTRE ANTEA Y EL CONSEJO GENERAL DE GRADUADOS SOCIALES DE ESPA\u00d1A - Prevenci\u00f3n de Riesgos Laborales | PRL | Antea Prevenci\u00f3n\" \/>\r\n<meta property=\"og:description\" content=\"Madrid &#8211; 2019 El convenio entre ambas instituciones contempla una jornada formativa en materia laboral y prevenci\u00f3n, adem\u00e1s de otras ventajas para los colegiados.\" \/>\r\n<meta property=\"og:url\" content=\"https:\/\/www.anteaprevencion.com\/en\/firma-del-acuerdo-de-colaboracion-entre-antea-y-el-consejo-general-de-graduados-sociales-de-espana\/\" \/>\r\n<meta property=\"og:site_name\" content=\"Prevenci\u00f3n de Riesgos Laborales | PRL | Antea Prevenci\u00f3n\" \/>\r\n<meta property=\"article:published_time\" content=\"2020-01-17T12:06:30+00:00\" \/>\r\n<meta property=\"article:modified_time\" content=\"2021-03-05T09:12:22+00:00\" \/>\r\n<meta property=\"og:image\" content=\"https:\/\/www.anteaprevencion.com\/wp-content\/uploads\/2020\/12\/nota-principal-1.png\" \/>\r\n\t<meta property=\"og:image:width\" content=\"1000\" \/>\r\n\t<meta property=\"og:image:height\" content=\"458\" \/>\r\n<meta name=\"twitter:card\" content=\"summary_large_image\" \/>\r\n<meta name=\"twitter:label1\" content=\"Est. reading time\">\n\t<meta name=\"twitter:data1\" content=\"2 minutes\">\r\n<script type=\"application\/ld+json\" class=\"yoast-schema-graph\">{\"@context\":\"https:\/\/schema.org\",\"@graph\":[{\"@type\":\"WebSite\",\"@id\":\"https:\/\/www.anteaprevencion.com\/#website\",\"url\":\"https:\/\/www.anteaprevencion.com\/\",\"name\":\"Prevenci\\u00f3n de Riesgos Laborales | PRL | Antea Prevenci\\u00f3n\",\"description\":\"\",\"potentialAction\":[{\"@type\":\"SearchAction\",\"target\":\"https:\/\/www.anteaprevencion.com\/?s={search_term_string}\",\"query-input\":\"required name=search_term_string\"}],\"inLanguage\":\"en-GB\"},{\"@type\":\"ImageObject\",\"@id\":\"https:\/\/www.anteaprevencion.com\/en\/firma-del-acuerdo-de-colaboracion-entre-antea-y-el-consejo-general-de-graduados-sociales-de-espana\/#primaryimage\",\"inLanguage\":\"en-GB\",\"url\":\"https:\/\/www.anteaprevencion.com\/wp-content\/uploads\/2020\/12\/nota-principal-1.png\",\"width\":1000,\"height\":458},{\"@type\":\"WebPage\",\"@id\":\"https:\/\/www.anteaprevencion.com\/en\/firma-del-acuerdo-de-colaboracion-entre-antea-y-el-consejo-general-de-graduados-sociales-de-espana\/#webpage\",\"url\":\"https:\/\/www.anteaprevencion.com\/en\/firma-del-acuerdo-de-colaboracion-entre-antea-y-el-consejo-general-de-graduados-sociales-de-espana\/\",\"name\":\"FIRMA DEL ACUERDO DE COLABORACI\\u00d3N ENTRE ANTEA Y EL CONSEJO GENERAL DE GRADUADOS SOCIALES DE ESPA\\u00d1A - Prevenci\\u00f3n de Riesgos Laborales | PRL | Antea Prevenci\\u00f3n\",\"isPartOf\":{\"@id\":\"https:\/\/www.anteaprevencion.com\/#website\"},\"primaryImageOfPage\":{\"@id\":\"https:\/\/www.anteaprevencion.com\/en\/firma-del-acuerdo-de-colaboracion-entre-antea-y-el-consejo-general-de-graduados-sociales-de-espana\/#primaryimage\"},\"datePublished\":\"2020-01-17T12:06:30+00:00\",\"dateModified\":\"2021-03-05T09:12:22+00:00\",\"author\":{\"@id\":\"https:\/\/www.anteaprevencion.com\/#\/schema\/person\/8d7a0c9df508d945ee11c9833cfb572e\"},\"breadcrumb\":{\"@id\":\"https:\/\/www.anteaprevencion.com\/en\/firma-del-acuerdo-de-colaboracion-entre-antea-y-el-consejo-general-de-graduados-sociales-de-espana\/#breadcrumb\"},\"inLanguage\":\"en-GB\",\"potentialAction\":[{\"@type\":\"ReadAction\",\"target\":[\"https:\/\/www.anteaprevencion.com\/en\/firma-del-acuerdo-de-colaboracion-entre-antea-y-el-consejo-general-de-graduados-sociales-de-espana\/\"]}]},{\"@type\":\"BreadcrumbList\",\"@id\":\"https:\/\/www.anteaprevencion.com\/en\/firma-del-acuerdo-de-colaboracion-entre-antea-y-el-consejo-general-de-graduados-sociales-de-espana\/#breadcrumb\",\"itemListElement\":[{\"@type\":\"ListItem\",\"position\":1,\"item\":{\"@type\":\"WebPage\",\"@id\":\"https:\/\/www.anteaprevencion.com\/\",\"url\":\"https:\/\/www.anteaprevencion.com\/\",\"name\":\"Portada\"}},{\"@type\":\"ListItem\",\"position\":2,\"item\":{\"@type\":\"WebPage\",\"@id\":\"https:\/\/www.anteaprevencion.com\/en\/firma-del-acuerdo-de-colaboracion-entre-antea-y-el-consejo-general-de-graduados-sociales-de-espana\/\",\"url\":\"https:\/\/www.anteaprevencion.com\/en\/firma-del-acuerdo-de-colaboracion-entre-antea-y-el-consejo-general-de-graduados-sociales-de-espana\/\",\"name\":\"FIRMA DEL ACUERDO DE COLABORACI\\u00d3N ENTRE ANTEA Y EL CONSEJO GENERAL DE GRADUADOS SOCIALES DE ESPA\\u00d1A\"}}]},{\"@type\":\"Person\",\"@id\":\"https:\/\/www.anteaprevencion.com\/#\/schema\/person\/8d7a0c9df508d945ee11c9833cfb572e\",\"name\":\"Felipe Castillo\",\"image\":{\"@type\":\"ImageObject\",\"@id\":\"https:\/\/www.anteaprevencion.com\/#personlogo\",\"inLanguage\":\"en-GB\",\"url\":\"https:\/\/secure.gravatar.com\/avatar\/84abdbe79ab2f70bc77798fd1673232d?s=96&d=mm&r=g\",\"caption\":\"Felipe Castillo\"}}]}<\/script>\r\n<!-- \/ Yoast SEO plugin. -->","_links":{"self":[{"href":"https:\/\/www.anteaprevencion.com\/en\/wp-json\/wp\/v2\/posts\/1476"}],"collection":[{"href":"https:\/\/www.anteaprevencion.com\/en\/wp-json\/wp\/v2\/posts"}],"about":[{"href":"https:\/\/www.anteaprevencion.com\/en\/wp-json\/wp\/v2\/types\/post"}],"author":[{"embeddable":true,"href":"https:\/\/www.anteaprevencion.com\/en\/wp-json\/wp\/v2\/users\/3"}],"replies":[{"embeddable":true,"href":"https:\/\/www.anteaprevencion.com\/en\/wp-json\/wp\/v2\/comments?post=1476"}],"version-history":[{"count":0,"href":"https:\/\/www.anteaprevencion.com\/en\/wp-json\/wp\/v2\/posts\/1476\/revisions"}],"wp:featuredmedia":[{"embeddable":true,"href":"https:\/\/www.anteaprevencion.com\/en\/wp-json\/wp\/v2\/media\/612"}],"wp:attachment":[{"href":"https:\/\/www.anteaprevencion.com\/en\/wp-json\/wp\/v2\/media?parent=1476"}],"wp:term":[{"taxonomy":"category","embeddable":true,"href":"https:\/\/www.anteaprevencion.com\/en\/wp-json\/wp\/v2\/categories?post=1476"},{"taxonomy":"post_tag","embeddable":true,"href":"https:\/\/www.anteaprevencion.com\/en\/wp-json\/wp\/v2\/tags?post=1476"}],"curies":[{"name":"wp","href":"https:\/\/api.w.org\/{rel}","templated":true}]}}