{"id":1479,"date":"2017-07-17T12:05:35","date_gmt":"2017-07-17T12:05:35","guid":{"rendered":"https:\/\/www.anteaprevencion.com\/almuerzo-ministra-economia-presidente-camara-y-delegado-de-comercio\/"},"modified":"2024-11-26T12:46:49","modified_gmt":"2024-11-26T12:46:49","slug":"almuerzo-ministra-economia-presidente-camara-y-delegado-de-comercio","status":"publish","type":"post","link":"https:\/\/www.anteaprevencion.com\/en\/almuerzo-ministra-economia-presidente-camara-y-delegado-de-comercio\/","title":{"rendered":"ALMUERZO MINISTRA ECONOM\u00cdA, PRESIDENTE C\u00c1MARA Y DELEGADO DE COMERCIO"},"content":{"rendered":"<h4 style=\"text-align: left;\"><span style=\"font-family: 'Trebuchet MS', Geneva;\">Organizado por Club C\u00e1mara Antares<\/span><\/h4>\n<p><!--more Seguir leyendo--><\/p>\n<h1 style=\"text-align: left;\"><span style=\"font-family: 'Trebuchet MS', Geneva;\">Almuerzo Ministra Econom\u00eda, Presidente C\u00e1mara y Delegado de Comercio<\/span><\/h1>\n<p><span style=\"font-family: 'Trebuchet MS', Geneva;\">Joaqu\u00edn Caro Ledesma<\/span><span style=\"font-family: 'Trebuchet MS', Geneva;\">, Director General del grupo Antea particip\u00f3 el pasado 8 de noviembre\u00a0a un almuerzo organizado por la C\u00e1mara Antares al que acudieron entre otros, la Ministra de Econom\u00eda\u00a0y Empresa Nadia Calvi\u00f1o Santamar\u00eda y Francisco Herrero Le\u00f3n, Presidente de la\u00a0C\u00e1mara de Comercio de Sevilla y Delegado de Comercio, con Empresarios Andaluces.<\/span><\/p>\n<p><img class=\"aligncenter size-large wp-image-8263\" src=\"https:\/\/www.anteaprevencion.com\/wp-content\/uploads\/2017\/07\/almuerzo-ministra-economia-1-1024x679-9536113.jpg\" alt=\"almuerzo-ministra-economia-1-1024x679-9536113\" width=\"1024\" height=\"679\" \/><\/p>","protected":false},"excerpt":{"rendered":"<p>Carlos Herrera entrevista a Joaqu\u00edn Caro<\/p>","protected":false},"author":3,"featured_media":617,"comment_status":"open","ping_status":"open","sticky":false,"template":"","format":"standard","meta":[],"categories":[91,94,95],"tags":[],"yoast_head":"<!-- This site is optimized with the Yoast SEO plugin v15.8 - https:\/\/yoast.com\/wordpress\/plugins\/seo\/ -->\r\n<title>Carlos Herrera entrevista a Joaqu\u00edn Caro|Carlos Herrera entrevista a Joaqu\u00edn Caro<\/title>\r\n<meta name=\"robots\" content=\"index, follow, max-snippet:-1, max-image-preview:large, max-video-preview:-1\" \/>\r\n<link rel=\"canonical\" href=\"https:\/\/www.anteaprevencion.com\/en\/almuerzo-ministra-economia-presidente-camara-y-delegado-de-comercio\/\" \/>\r\n<meta property=\"og:locale\" content=\"en_GB\" \/>\r\n<meta property=\"og:type\" content=\"article\" \/>\r\n<meta property=\"og:title\" content=\"Carlos Herrera entrevista a Joaqu\u00edn Caro|Carlos Herrera entrevista a Joaqu\u00edn Caro\" \/>\r\n<meta property=\"og:description\" content=\"Carlos Herrera entrevista a Joaqu\u00edn Caro\" \/>\r\n<meta property=\"og:url\" content=\"https:\/\/www.anteaprevencion.com\/en\/almuerzo-ministra-economia-presidente-camara-y-delegado-de-comercio\/\" \/>\r\n<meta property=\"og:site_name\" content=\"Prevenci\u00f3n de Riesgos Laborales | PRL | Antea Prevenci\u00f3n\" \/>\r\n<meta property=\"article:published_time\" content=\"2017-07-17T12:05:35+00:00\" \/>\r\n<meta property=\"article:modified_time\" content=\"2024-11-26T12:46:49+00:00\" \/>\r\n<meta property=\"og:image\" content=\"https:\/\/www.anteaprevencion.com\/wp-content\/uploads\/2020\/12\/almuerzo-ministra-economia-e1574764255868.jpg\" \/>\r\n\t<meta property=\"og:image:width\" content=\"2048\" \/>\r\n\t<meta property=\"og:image:height\" content=\"931\" \/>\r\n<meta name=\"twitter:card\" content=\"summary_large_image\" \/>\r\n<meta name=\"twitter:title\" content=\"Carlos Herrera entrevista a Joaqu\u00edn Caro|Carlos Herrera entrevista a Joaqu\u00edn Caro\" \/>\r\n<meta name=\"twitter:label1\" content=\"Est. reading time\">\n\t<meta name=\"twitter:data1\" content=\"1 minute\">\r\n<script type=\"application\/ld+json\" class=\"yoast-schema-graph\">{\"@context\":\"https:\/\/schema.org\",\"@graph\":[{\"@type\":\"WebSite\",\"@id\":\"https:\/\/www.anteaprevencion.com\/#website\",\"url\":\"https:\/\/www.anteaprevencion.com\/\",\"name\":\"Prevenci\\u00f3n de Riesgos Laborales | PRL | Antea Prevenci\\u00f3n\",\"description\":\"\",\"potentialAction\":[{\"@type\":\"SearchAction\",\"target\":\"https:\/\/www.anteaprevencion.com\/?s={search_term_string}\",\"query-input\":\"required name=search_term_string\"}],\"inLanguage\":\"en-GB\"},{\"@type\":\"ImageObject\",\"@id\":\"https:\/\/www.anteaprevencion.com\/en\/almuerzo-ministra-economia-presidente-camara-y-delegado-de-comercio\/#primaryimage\",\"inLanguage\":\"en-GB\",\"url\":\"https:\/\/www.anteaprevencion.com\/wp-content\/uploads\/2020\/12\/almuerzo-ministra-economia-e1574764255868.jpg\",\"width\":2048,\"height\":931},{\"@type\":\"WebPage\",\"@id\":\"https:\/\/www.anteaprevencion.com\/en\/almuerzo-ministra-economia-presidente-camara-y-delegado-de-comercio\/#webpage\",\"url\":\"https:\/\/www.anteaprevencion.com\/en\/almuerzo-ministra-economia-presidente-camara-y-delegado-de-comercio\/\",\"name\":\"Carlos Herrera entrevista a Joaqu\\u00edn Caro|Carlos Herrera entrevista a Joaqu\\u00edn Caro\",\"isPartOf\":{\"@id\":\"https:\/\/www.anteaprevencion.com\/#website\"},\"primaryImageOfPage\":{\"@id\":\"https:\/\/www.anteaprevencion.com\/en\/almuerzo-ministra-economia-presidente-camara-y-delegado-de-comercio\/#primaryimage\"},\"datePublished\":\"2017-07-17T12:05:35+00:00\",\"dateModified\":\"2024-11-26T12:46:49+00:00\",\"author\":{\"@id\":\"https:\/\/www.anteaprevencion.com\/#\/schema\/person\/8d7a0c9df508d945ee11c9833cfb572e\"},\"breadcrumb\":{\"@id\":\"https:\/\/www.anteaprevencion.com\/en\/almuerzo-ministra-economia-presidente-camara-y-delegado-de-comercio\/#breadcrumb\"},\"inLanguage\":\"en-GB\",\"potentialAction\":[{\"@type\":\"ReadAction\",\"target\":[\"https:\/\/www.anteaprevencion.com\/en\/almuerzo-ministra-economia-presidente-camara-y-delegado-de-comercio\/\"]}]},{\"@type\":\"BreadcrumbList\",\"@id\":\"https:\/\/www.anteaprevencion.com\/en\/almuerzo-ministra-economia-presidente-camara-y-delegado-de-comercio\/#breadcrumb\",\"itemListElement\":[{\"@type\":\"ListItem\",\"position\":1,\"item\":{\"@type\":\"WebPage\",\"@id\":\"https:\/\/www.anteaprevencion.com\/\",\"url\":\"https:\/\/www.anteaprevencion.com\/\",\"name\":\"Portada\"}},{\"@type\":\"ListItem\",\"position\":2,\"item\":{\"@type\":\"WebPage\",\"@id\":\"https:\/\/www.anteaprevencion.com\/en\/almuerzo-ministra-economia-presidente-camara-y-delegado-de-comercio\/\",\"url\":\"https:\/\/www.anteaprevencion.com\/en\/almuerzo-ministra-economia-presidente-camara-y-delegado-de-comercio\/\",\"name\":\"ALMUERZO MINISTRA ECONOM\\u00cdA, PRESIDENTE C\\u00c1MARA Y DELEGADO DE COMERCIO\"}}]},{\"@type\":\"Person\",\"@id\":\"https:\/\/www.anteaprevencion.com\/#\/schema\/person\/8d7a0c9df508d945ee11c9833cfb572e\",\"name\":\"Felipe Castillo\",\"image\":{\"@type\":\"ImageObject\",\"@id\":\"https:\/\/www.anteaprevencion.com\/#personlogo\",\"inLanguage\":\"en-GB\",\"url\":\"https:\/\/secure.gravatar.com\/avatar\/84abdbe79ab2f70bc77798fd1673232d?s=96&d=mm&r=g\",\"caption\":\"Felipe Castillo\"}}]}<\/script>\r\n<!-- \/ Yoast SEO plugin. -->","_links":{"self":[{"href":"https:\/\/www.anteaprevencion.com\/en\/wp-json\/wp\/v2\/posts\/1479"}],"collection":[{"href":"https:\/\/www.anteaprevencion.com\/en\/wp-json\/wp\/v2\/posts"}],"about":[{"href":"https:\/\/www.anteaprevencion.com\/en\/wp-json\/wp\/v2\/types\/post"}],"author":[{"embeddable":true,"href":"https:\/\/www.anteaprevencion.com\/en\/wp-json\/wp\/v2\/users\/3"}],"replies":[{"embeddable":true,"href":"https:\/\/www.anteaprevencion.com\/en\/wp-json\/wp\/v2\/comments?post=1479"}],"version-history":[{"count":3,"href":"https:\/\/www.anteaprevencion.com\/en\/wp-json\/wp\/v2\/posts\/1479\/revisions"}],"predecessor-version":[{"id":7126,"href":"https:\/\/www.anteaprevencion.com\/en\/wp-json\/wp\/v2\/posts\/1479\/revisions\/7126"}],"wp:featuredmedia":[{"embeddable":true,"href":"https:\/\/www.anteaprevencion.com\/en\/wp-json\/wp\/v2\/media\/617"}],"wp:attachment":[{"href":"https:\/\/www.anteaprevencion.com\/en\/wp-json\/wp\/v2\/media?parent=1479"}],"wp:term":[{"taxonomy":"category","embeddable":true,"href":"https:\/\/www.anteaprevencion.com\/en\/wp-json\/wp\/v2\/categories?post=1479"},{"taxonomy":"post_tag","embeddable":true,"href":"https:\/\/www.anteaprevencion.com\/en\/wp-json\/wp\/v2\/tags?post=1479"}],"curies":[{"name":"wp","href":"https:\/\/api.w.org\/{rel}","templated":true}]}}