{"id":7432,"date":"2025-05-21T11:26:07","date_gmt":"2025-05-21T11:26:07","guid":{"rendered":"https:\/\/www.anteaprevencion.com\/?p=7432"},"modified":"2025-05-22T12:39:27","modified_gmt":"2025-05-22T12:39:27","slug":"antea-patrocinador-jornada-graduados-sociales-granada","status":"publish","type":"post","link":"https:\/\/www.anteaprevencion.com\/en\/antea-patrocinador-jornada-graduados-sociales-granada\/","title":{"rendered":"Antea Prevenci\u00f3n, presente en las III Jornadas de Graduados Sociales de Granada"},"content":{"rendered":"<p>Desde Antea Prevenci\u00f3n, queremos compartir nuestra participaci\u00f3n como patrocinadores en las III Jornadas de Graduados Sociales de Granada, un evento de referencia en el \u00e1mbito jur\u00eddico-laboral, organizado por la <a href=\"https:\/\/justiciasocial.es\/\" target=\"_blank\" rel=\"noreferrer noopener\">Fundaci\u00f3n Justicia Social<\/a> y el <a href=\"https:\/\/www.graduadosocial.org\/\" target=\"_blank\" rel=\"noreferrer noopener\">Consejo General de Graduados Sociales de Espa\u00f1a.<\/a><\/p>\n\n\n\n<p>Estas jornadas han reunido a profesionales de toda Espa\u00f1a para reflexionar y debatir sobre temas clave que marcar\u00e1n la evoluci\u00f3n del mundo laboral en los pr\u00f3ximos a\u00f1os. Entre los temas tratados destacaron:<\/p>\n\n\n\n<ul><li><strong>La inteligencia artificial como herramienta profesional<\/strong>, analizando su impacto y utilidad en la pr\u00e1ctica diaria de los graduados sociales.<\/li><li><strong>Nuevos retos en materia de extranjer\u00eda<\/strong>, una realidad que exige actualizaci\u00f3n y reflexi\u00f3n normativa.<\/li><li><strong>Las obligaciones laborales de cara a 2025<\/strong>, anticipando los cambios que las empresas deber\u00e1n afrontar.<\/li><li>Y una <strong>ponencia sobre las \u00faltimas novedades jurisprudenciales en materia de despido<\/strong>, aportando claridad sobre la evoluci\u00f3n legal m\u00e1s reciente.<\/li><\/ul>\n\n\n\n<p>Para <a href=\"https:\/\/www.anteaprevencion.com\/en\/occupational-risk-prevention-budget\/\">Antea Prevenci\u00f3n<\/a>, es esencial apoyar estos espacios de di\u00e1logo y formaci\u00f3n continua. Reafirmamos as\u00ed nuestro compromiso con la prevenci\u00f3n de riesgos laborales, el crecimiento profesional y la responsabilidad social empresarial. Seguiremos apostando por la colaboraci\u00f3n y el conocimiento compartido como pilares de un entorno laboral m\u00e1s seguro, justo y preparado para el futuro.<\/p>\n\n\n\n<figure class=\"wp-block-gallery columns-3 is-cropped\"><ul class=\"blocks-gallery-grid\"><li class=\"blocks-gallery-item\"><figure><img width=\"1024\" height=\"1024\" src=\"https:\/\/www.anteaprevencion.com\/wp-content\/uploads\/2025\/05\/Blog-1-1024x1024.jpg\" alt=\"\" data-id=\"7433\" data-full-url=\"https:\/\/www.anteaprevencion.com\/wp-content\/uploads\/2025\/05\/Blog-1.jpg\" data-link=\"https:\/\/www.anteaprevencion.com\/?attachment_id=7433#main\" class=\"wp-image-7433\" srcset=\"https:\/\/www.anteaprevencion.com\/wp-content\/uploads\/2025\/05\/Blog-1-1024x1024.jpg 1024w, https:\/\/www.anteaprevencion.com\/wp-content\/uploads\/2025\/05\/Blog-1-300x300.jpg 300w, https:\/\/www.anteaprevencion.com\/wp-content\/uploads\/2025\/05\/Blog-1-150x150.jpg 150w, https:\/\/www.anteaprevencion.com\/wp-content\/uploads\/2025\/05\/Blog-1-768x768.jpg 768w, https:\/\/www.anteaprevencion.com\/wp-content\/uploads\/2025\/05\/Blog-1-250x250.jpg 250w, https:\/\/www.anteaprevencion.com\/wp-content\/uploads\/2025\/05\/Blog-1-12x12.jpg 12w, https:\/\/www.anteaprevencion.com\/wp-content\/uploads\/2025\/05\/Blog-1.jpg 1200w\" sizes=\"(max-width: 1024px) 100vw, 1024px\" \/><\/figure><\/li><li class=\"blocks-gallery-item\"><figure><img width=\"1024\" height=\"1024\" src=\"https:\/\/www.anteaprevencion.com\/wp-content\/uploads\/2025\/05\/Blog-2-1024x1024.jpg\" alt=\"\" data-id=\"7434\" data-full-url=\"https:\/\/www.anteaprevencion.com\/wp-content\/uploads\/2025\/05\/Blog-2.jpg\" data-link=\"https:\/\/www.anteaprevencion.com\/?attachment_id=7434#main\" class=\"wp-image-7434\" srcset=\"https:\/\/www.anteaprevencion.com\/wp-content\/uploads\/2025\/05\/Blog-2-1024x1024.jpg 1024w, https:\/\/www.anteaprevencion.com\/wp-content\/uploads\/2025\/05\/Blog-2-300x300.jpg 300w, https:\/\/www.anteaprevencion.com\/wp-content\/uploads\/2025\/05\/Blog-2-150x150.jpg 150w, https:\/\/www.anteaprevencion.com\/wp-content\/uploads\/2025\/05\/Blog-2-768x768.jpg 768w, https:\/\/www.anteaprevencion.com\/wp-content\/uploads\/2025\/05\/Blog-2-250x250.jpg 250w, https:\/\/www.anteaprevencion.com\/wp-content\/uploads\/2025\/05\/Blog-2-12x12.jpg 12w, https:\/\/www.anteaprevencion.com\/wp-content\/uploads\/2025\/05\/Blog-2.jpg 1200w\" sizes=\"(max-width: 1024px) 100vw, 1024px\" \/><\/figure><\/li><li class=\"blocks-gallery-item\"><figure><img width=\"1024\" height=\"1024\" src=\"https:\/\/www.anteaprevencion.com\/wp-content\/uploads\/2025\/05\/Blog-3-1024x1024.jpg\" alt=\"\" data-id=\"7435\" data-full-url=\"https:\/\/www.anteaprevencion.com\/wp-content\/uploads\/2025\/05\/Blog-3.jpg\" data-link=\"https:\/\/www.anteaprevencion.com\/?attachment_id=7435#main\" class=\"wp-image-7435\" srcset=\"https:\/\/www.anteaprevencion.com\/wp-content\/uploads\/2025\/05\/Blog-3-1024x1024.jpg 1024w, https:\/\/www.anteaprevencion.com\/wp-content\/uploads\/2025\/05\/Blog-3-300x300.jpg 300w, https:\/\/www.anteaprevencion.com\/wp-content\/uploads\/2025\/05\/Blog-3-150x150.jpg 150w, https:\/\/www.anteaprevencion.com\/wp-content\/uploads\/2025\/05\/Blog-3-768x768.jpg 768w, https:\/\/www.anteaprevencion.com\/wp-content\/uploads\/2025\/05\/Blog-3-250x250.jpg 250w, https:\/\/www.anteaprevencion.com\/wp-content\/uploads\/2025\/05\/Blog-3-12x12.jpg 12w, https:\/\/www.anteaprevencion.com\/wp-content\/uploads\/2025\/05\/Blog-3.jpg 1200w\" sizes=\"(max-width: 1024px) 100vw, 1024px\" \/><\/figure><\/li><li class=\"blocks-gallery-item\"><figure><img width=\"1024\" height=\"1024\" src=\"https:\/\/www.anteaprevencion.com\/wp-content\/uploads\/2025\/05\/Blog-4-1024x1024.jpg\" alt=\"\" data-id=\"7436\" data-full-url=\"https:\/\/www.anteaprevencion.com\/wp-content\/uploads\/2025\/05\/Blog-4.jpg\" data-link=\"https:\/\/www.anteaprevencion.com\/?attachment_id=7436#main\" class=\"wp-image-7436\" srcset=\"https:\/\/www.anteaprevencion.com\/wp-content\/uploads\/2025\/05\/Blog-4-1024x1024.jpg 1024w, https:\/\/www.anteaprevencion.com\/wp-content\/uploads\/2025\/05\/Blog-4-300x300.jpg 300w, https:\/\/www.anteaprevencion.com\/wp-content\/uploads\/2025\/05\/Blog-4-150x150.jpg 150w, https:\/\/www.anteaprevencion.com\/wp-content\/uploads\/2025\/05\/Blog-4-768x768.jpg 768w, https:\/\/www.anteaprevencion.com\/wp-content\/uploads\/2025\/05\/Blog-4-250x250.jpg 250w, https:\/\/www.anteaprevencion.com\/wp-content\/uploads\/2025\/05\/Blog-4-12x12.jpg 12w, https:\/\/www.anteaprevencion.com\/wp-content\/uploads\/2025\/05\/Blog-4.jpg 1200w\" sizes=\"(max-width: 1024px) 100vw, 1024px\" \/><\/figure><\/li><\/ul><\/figure>\n\n\n\n<figure class=\"wp-block-image size-large\"><a href=\"https:\/\/www.anteaprevencion.com\/en\/occupational-risk-prevention-budget\/\"><img src=\"https:\/\/www.anteaprevencion.com\/wp-content\/uploads\/2025\/04\/Banner-Antea-Prevencion.gif\" alt=\"\"\/><\/a><\/figure>","protected":false},"excerpt":{"rendered":"<p>Hemos participadocomo patrocinadores en las III Jornadas de Graduados Sociales de Granada, un evento de referencia en el \u00e1mbito jur\u00eddico-laboral, organizado por la Fundaci\u00f3n Justicia Social y el Consejo General de Graduados Sociales de Espa\u00f1a.<\/p>","protected":false},"author":3,"featured_media":7437,"comment_status":"closed","ping_status":"closed","sticky":false,"template":"","format":"standard","meta":[],"categories":[106,122],"tags":[172,171],"yoast_head":"<!-- This site is optimized with the Yoast SEO plugin v15.8 - https:\/\/yoast.com\/wordpress\/plugins\/seo\/ -->\r\n<title>Antea patrocinador III Jornadas de Graduados Sociales de Granada<\/title>\r\n<meta name=\"description\" content=\"Hemos participado como patrocinadores en las III Jornadas de Graduados Sociales de Granada, un evento de referencia jur\u00eddico-laboral.\" \/>\r\n<meta name=\"robots\" content=\"index, follow, max-snippet:-1, max-image-preview:large, max-video-preview:-1\" \/>\r\n<link rel=\"canonical\" href=\"https:\/\/www.anteaprevencion.com\/en\/antea-patrocinador-jornada-graduados-sociales-granada\/\" \/>\r\n<meta property=\"og:locale\" content=\"en_GB\" \/>\r\n<meta property=\"og:type\" content=\"article\" \/>\r\n<meta property=\"og:title\" content=\"Antea patrocinador III Jornadas de Graduados Sociales de Granada\" \/>\r\n<meta property=\"og:description\" content=\"Hemos participado como patrocinadores en las III Jornadas de Graduados Sociales de Granada, un evento de referencia jur\u00eddico-laboral.\" \/>\r\n<meta property=\"og:url\" content=\"https:\/\/www.anteaprevencion.com\/en\/antea-patrocinador-jornada-graduados-sociales-granada\/\" \/>\r\n<meta property=\"og:site_name\" content=\"Prevenci\u00f3n de Riesgos Laborales | PRL | Antea Prevenci\u00f3n\" \/>\r\n<meta property=\"article:published_time\" content=\"2025-05-21T11:26:07+00:00\" \/>\r\n<meta property=\"article:modified_time\" content=\"2025-05-22T12:39:27+00:00\" \/>\r\n<meta property=\"og:image\" content=\"https:\/\/www.anteaprevencion.com\/wp-content\/uploads\/2025\/05\/Portada-Blog.jpg\" \/>\r\n\t<meta property=\"og:image:width\" content=\"1000\" \/>\r\n\t<meta property=\"og:image:height\" content=\"667\" \/>\r\n<meta name=\"twitter:card\" content=\"summary_large_image\" \/>\r\n<meta name=\"twitter:label1\" content=\"Est. reading time\">\n\t<meta name=\"twitter:data1\" content=\"2 minutes\">\r\n<script type=\"application\/ld+json\" class=\"yoast-schema-graph\">{\"@context\":\"https:\/\/schema.org\",\"@graph\":[{\"@type\":\"WebSite\",\"@id\":\"https:\/\/www.anteaprevencion.com\/#website\",\"url\":\"https:\/\/www.anteaprevencion.com\/\",\"name\":\"Prevenci\\u00f3n de Riesgos Laborales | PRL | Antea Prevenci\\u00f3n\",\"description\":\"\",\"potentialAction\":[{\"@type\":\"SearchAction\",\"target\":\"https:\/\/www.anteaprevencion.com\/?s={search_term_string}\",\"query-input\":\"required name=search_term_string\"}],\"inLanguage\":\"en-GB\"},{\"@type\":\"ImageObject\",\"@id\":\"https:\/\/www.anteaprevencion.com\/en\/antea-patrocinador-jornada-graduados-sociales-granada\/#primaryimage\",\"inLanguage\":\"en-GB\",\"url\":\"https:\/\/www.anteaprevencion.com\/wp-content\/uploads\/2025\/05\/Portada-Blog.jpg\",\"width\":1000,\"height\":667},{\"@type\":\"WebPage\",\"@id\":\"https:\/\/www.anteaprevencion.com\/en\/antea-patrocinador-jornada-graduados-sociales-granada\/#webpage\",\"url\":\"https:\/\/www.anteaprevencion.com\/en\/antea-patrocinador-jornada-graduados-sociales-granada\/\",\"name\":\"Antea patrocinador III Jornadas de Graduados Sociales de Granada\",\"isPartOf\":{\"@id\":\"https:\/\/www.anteaprevencion.com\/#website\"},\"primaryImageOfPage\":{\"@id\":\"https:\/\/www.anteaprevencion.com\/en\/antea-patrocinador-jornada-graduados-sociales-granada\/#primaryimage\"},\"datePublished\":\"2025-05-21T11:26:07+00:00\",\"dateModified\":\"2025-05-22T12:39:27+00:00\",\"author\":{\"@id\":\"https:\/\/www.anteaprevencion.com\/#\/schema\/person\/8d7a0c9df508d945ee11c9833cfb572e\"},\"description\":\"Hemos participado como patrocinadores en las III Jornadas de Graduados Sociales de Granada, un evento de referencia jur\\u00eddico-laboral.\",\"breadcrumb\":{\"@id\":\"https:\/\/www.anteaprevencion.com\/en\/antea-patrocinador-jornada-graduados-sociales-granada\/#breadcrumb\"},\"inLanguage\":\"en-GB\",\"potentialAction\":[{\"@type\":\"ReadAction\",\"target\":[\"https:\/\/www.anteaprevencion.com\/en\/antea-patrocinador-jornada-graduados-sociales-granada\/\"]}]},{\"@type\":\"BreadcrumbList\",\"@id\":\"https:\/\/www.anteaprevencion.com\/en\/antea-patrocinador-jornada-graduados-sociales-granada\/#breadcrumb\",\"itemListElement\":[{\"@type\":\"ListItem\",\"position\":1,\"item\":{\"@type\":\"WebPage\",\"@id\":\"https:\/\/www.anteaprevencion.com\/\",\"url\":\"https:\/\/www.anteaprevencion.com\/\",\"name\":\"Portada\"}},{\"@type\":\"ListItem\",\"position\":2,\"item\":{\"@type\":\"WebPage\",\"@id\":\"https:\/\/www.anteaprevencion.com\/en\/antea-patrocinador-jornada-graduados-sociales-granada\/\",\"url\":\"https:\/\/www.anteaprevencion.com\/en\/antea-patrocinador-jornada-graduados-sociales-granada\/\",\"name\":\"Antea Prevenci\\u00f3n, presente en las III Jornadas de Graduados Sociales de Granada\"}}]},{\"@type\":\"Person\",\"@id\":\"https:\/\/www.anteaprevencion.com\/#\/schema\/person\/8d7a0c9df508d945ee11c9833cfb572e\",\"name\":\"Felipe Castillo\",\"image\":{\"@type\":\"ImageObject\",\"@id\":\"https:\/\/www.anteaprevencion.com\/#personlogo\",\"inLanguage\":\"en-GB\",\"url\":\"https:\/\/secure.gravatar.com\/avatar\/84abdbe79ab2f70bc77798fd1673232d?s=96&d=mm&r=g\",\"caption\":\"Felipe Castillo\"}}]}<\/script>\r\n<!-- \/ Yoast SEO plugin. -->","_links":{"self":[{"href":"https:\/\/www.anteaprevencion.com\/en\/wp-json\/wp\/v2\/posts\/7432"}],"collection":[{"href":"https:\/\/www.anteaprevencion.com\/en\/wp-json\/wp\/v2\/posts"}],"about":[{"href":"https:\/\/www.anteaprevencion.com\/en\/wp-json\/wp\/v2\/types\/post"}],"author":[{"embeddable":true,"href":"https:\/\/www.anteaprevencion.com\/en\/wp-json\/wp\/v2\/users\/3"}],"replies":[{"embeddable":true,"href":"https:\/\/www.anteaprevencion.com\/en\/wp-json\/wp\/v2\/comments?post=7432"}],"version-history":[{"count":3,"href":"https:\/\/www.anteaprevencion.com\/en\/wp-json\/wp\/v2\/posts\/7432\/revisions"}],"predecessor-version":[{"id":7481,"href":"https:\/\/www.anteaprevencion.com\/en\/wp-json\/wp\/v2\/posts\/7432\/revisions\/7481"}],"wp:featuredmedia":[{"embeddable":true,"href":"https:\/\/www.anteaprevencion.com\/en\/wp-json\/wp\/v2\/media\/7437"}],"wp:attachment":[{"href":"https:\/\/www.anteaprevencion.com\/en\/wp-json\/wp\/v2\/media?parent=7432"}],"wp:term":[{"taxonomy":"category","embeddable":true,"href":"https:\/\/www.anteaprevencion.com\/en\/wp-json\/wp\/v2\/categories?post=7432"},{"taxonomy":"post_tag","embeddable":true,"href":"https:\/\/www.anteaprevencion.com\/en\/wp-json\/wp\/v2\/tags?post=7432"}],"curies":[{"name":"wp","href":"https:\/\/api.w.org\/{rel}","templated":true}]}}