{"id":7498,"date":"2025-06-02T10:28:53","date_gmt":"2025-06-02T10:28:53","guid":{"rendered":"https:\/\/www.anteaprevencion.com\/?p=7498"},"modified":"2025-06-18T11:48:10","modified_gmt":"2025-06-18T11:48:10","slug":"antea-patrocinador-premios-centeneraio-graduado-sociales-100-anos","status":"publish","type":"post","link":"https:\/\/www.anteaprevencion.com\/en\/antea-patrocinador-premios-centeneraio-graduado-sociales-100-anos\/","title":{"rendered":"Antea participa como patrocinador en la Gala de los Premios Centenario por el 100 aniversario de los Graduados Sociales"},"content":{"rendered":"<p>El pasado 22 de mayo, <strong>Antea tuvo el orgullo de participar como entidad patrocinadora en la Gala de los Premios Centenario<\/strong>, organizada por el <a href=\"https:\/\/www.graduadosocial.org\/\" target=\"_blank\" rel=\"noreferrer noopener\">Consejo General de Colegios Oficiales de Graduados Sociales de Espa\u00f1a<\/a>. El evento conmemor\u00f3 los 100 a\u00f1os de historia de esta profesi\u00f3n esencial en el tejido jur\u00eddico y laboral espa\u00f1ol.<\/p>\n\n\n\n<p>La ceremonia, celebrada en el Hotel InterContinental de Madrid, reuni\u00f3 a representantes institucionales de primer nivel como <strong>D\u00f1a. Francina Armengo<\/strong>l (presidenta del Congreso de los Diputados), <strong>D\u00f1a. Mar\u00eda Isabel Perell\u00f3<\/strong> (presidenta del Consejo General del Poder Judicial), y representantes de los ministerios de Trabajo, Justicia e Inclusi\u00f3n, Seguridad Social y Migraciones.<\/p>\n\n\n\n<h2><strong>Un reconocimiento a la trayectoria y la colaboraci\u00f3n<\/strong><\/h2>\n\n\n\n<p>Durante el evento, se entregaron los Premios Centenario a instituciones que han contribuido decisivamente al desarrollo de la profesi\u00f3n:<\/p>\n\n\n\n<ul><li>El Ministerio de Trabajo, con <strong>D\u00f1a. Yolanda D\u00edaz<\/strong> como representante.<\/li><li>El Ministerio de Justicia, con el ministro <strong>D. F\u00e9lix Bola\u00f1os<\/strong>.<\/li><li>El Ministerio de Inclusi\u00f3n, representado por la ministra<strong> D\u00f1a. Elma Saiz<\/strong>.<\/li><li>Telef\u00f3nica, en la voz de<strong> D\u00f1a. Marta Machicot<\/strong>.<\/li><\/ul>\n\n\n\n<p>Tambi\u00e9n se otorgaron las <strong>Grandes Cruces de la Justicia Social a D. Ricardo Gabald\u00f3n Gabald\u00f3n y D. Jos\u00e9 Blas Fern\u00e1ndez S\u00e1nchez<\/strong>, en reconocimiento a su liderazgo institucional en el Consejo General.<\/p>\n\n\n\n<figure class=\"wp-block-image size-large\"><img src=\"https:\/\/www.anteaprevencion.com\/wp-content\/uploads\/2025\/04\/Banner-Antea-Prevencion.gif\" alt=\"\"\/><\/figure>\n\n\n\n<h2><strong>Antea y su compromiso con la legalidad y la prevenci\u00f3n<\/strong><\/h2>\n\n\n\n<p>Como patrocinadores del Consejo General, en Antea reafirmamos nuestro <strong>compromiso con el impulso de una cultura preventiva y de justicia social<\/strong>. Estar presentes en este momento hist\u00f3rico nos permite seguir construyendo sinergias con los profesionales que, desde el \u00e1mbito legal, hacen posibles entornos laborales m\u00e1s seguros, equitativos y responsables.<\/p>\n\n\n\n<figure class=\"wp-block-gallery columns-3 is-cropped\"><ul class=\"blocks-gallery-grid\"><li class=\"blocks-gallery-item\"><figure><img width=\"1024\" height=\"1024\" src=\"https:\/\/www.anteaprevencion.com\/wp-content\/uploads\/2025\/06\/Blog-4-1024x1024.jpg\" alt=\"\" data-id=\"7501\" data-full-url=\"https:\/\/www.anteaprevencion.com\/wp-content\/uploads\/2025\/06\/Blog-4.jpg\" data-link=\"https:\/\/www.anteaprevencion.com\/?attachment_id=7501#main\" class=\"wp-image-7501\" srcset=\"https:\/\/www.anteaprevencion.com\/wp-content\/uploads\/2025\/06\/Blog-4-1024x1024.jpg 1024w, https:\/\/www.anteaprevencion.com\/wp-content\/uploads\/2025\/06\/Blog-4-300x300.jpg 300w, https:\/\/www.anteaprevencion.com\/wp-content\/uploads\/2025\/06\/Blog-4-150x150.jpg 150w, https:\/\/www.anteaprevencion.com\/wp-content\/uploads\/2025\/06\/Blog-4-768x768.jpg 768w, https:\/\/www.anteaprevencion.com\/wp-content\/uploads\/2025\/06\/Blog-4-250x250.jpg 250w, https:\/\/www.anteaprevencion.com\/wp-content\/uploads\/2025\/06\/Blog-4-12x12.jpg 12w, https:\/\/www.anteaprevencion.com\/wp-content\/uploads\/2025\/06\/Blog-4.jpg 1200w\" sizes=\"(max-width: 1024px) 100vw, 1024px\" \/><\/figure><\/li><li class=\"blocks-gallery-item\"><figure><img width=\"1024\" height=\"1024\" src=\"https:\/\/www.anteaprevencion.com\/wp-content\/uploads\/2025\/06\/Blog-3-1024x1024.jpg\" alt=\"\" data-id=\"7500\" data-full-url=\"https:\/\/www.anteaprevencion.com\/wp-content\/uploads\/2025\/06\/Blog-3.jpg\" data-link=\"https:\/\/www.anteaprevencion.com\/?attachment_id=7500#main\" class=\"wp-image-7500\" srcset=\"https:\/\/www.anteaprevencion.com\/wp-content\/uploads\/2025\/06\/Blog-3-1024x1024.jpg 1024w, https:\/\/www.anteaprevencion.com\/wp-content\/uploads\/2025\/06\/Blog-3-300x300.jpg 300w, https:\/\/www.anteaprevencion.com\/wp-content\/uploads\/2025\/06\/Blog-3-150x150.jpg 150w, https:\/\/www.anteaprevencion.com\/wp-content\/uploads\/2025\/06\/Blog-3-768x768.jpg 768w, https:\/\/www.anteaprevencion.com\/wp-content\/uploads\/2025\/06\/Blog-3-250x250.jpg 250w, https:\/\/www.anteaprevencion.com\/wp-content\/uploads\/2025\/06\/Blog-3-12x12.jpg 12w, https:\/\/www.anteaprevencion.com\/wp-content\/uploads\/2025\/06\/Blog-3.jpg 1200w\" sizes=\"(max-width: 1024px) 100vw, 1024px\" \/><\/figure><\/li><li class=\"blocks-gallery-item\"><figure><img width=\"1024\" height=\"1024\" src=\"https:\/\/www.anteaprevencion.com\/wp-content\/uploads\/2025\/06\/Blog-2-1024x1024.jpg\" alt=\"\" data-id=\"7499\" data-full-url=\"https:\/\/www.anteaprevencion.com\/wp-content\/uploads\/2025\/06\/Blog-2.jpg\" data-link=\"https:\/\/www.anteaprevencion.com\/?attachment_id=7499#main\" class=\"wp-image-7499\" srcset=\"https:\/\/www.anteaprevencion.com\/wp-content\/uploads\/2025\/06\/Blog-2-1024x1024.jpg 1024w, https:\/\/www.anteaprevencion.com\/wp-content\/uploads\/2025\/06\/Blog-2-300x300.jpg 300w, https:\/\/www.anteaprevencion.com\/wp-content\/uploads\/2025\/06\/Blog-2-150x150.jpg 150w, https:\/\/www.anteaprevencion.com\/wp-content\/uploads\/2025\/06\/Blog-2-768x768.jpg 768w, https:\/\/www.anteaprevencion.com\/wp-content\/uploads\/2025\/06\/Blog-2-250x250.jpg 250w, https:\/\/www.anteaprevencion.com\/wp-content\/uploads\/2025\/06\/Blog-2-12x12.jpg 12w, https:\/\/www.anteaprevencion.com\/wp-content\/uploads\/2025\/06\/Blog-2.jpg 1200w\" sizes=\"(max-width: 1024px) 100vw, 1024px\" \/><\/figure><\/li><\/ul><\/figure>","protected":false},"excerpt":{"rendered":"<p>Antea tuvo el orgullo de participar como entidad patrocinadora en la Gala de los Premios Centenario, organizada por el Consejo General de Colegios Oficiales de Graduados Sociales de Espa\u00f1a. El evento conmemor\u00f3 los 100 a\u00f1os de historia de esta profesi\u00f3n esencial en el tejido jur\u00eddico y laboral espa\u00f1ol.<\/p>","protected":false},"author":3,"featured_media":7560,"comment_status":"closed","ping_status":"closed","sticky":false,"template":"","format":"standard","meta":[],"categories":[106,122,112],"tags":[173,174],"yoast_head":"<!-- This site is optimized with the Yoast SEO plugin v15.8 - https:\/\/yoast.com\/wordpress\/plugins\/seo\/ -->\r\n<title>Antea patrocinador en los premios centenario de los Graduados Sociales<\/title>\r\n<meta name=\"description\" content=\"Antea asisti\u00f3 como patrocinador a la Gala de los Premios Centenario, conmemorando el 100 aniversario de los Graduados Sociales.\" \/>\r\n<meta name=\"robots\" content=\"index, follow, max-snippet:-1, max-image-preview:large, max-video-preview:-1\" \/>\r\n<link rel=\"canonical\" href=\"https:\/\/www.anteaprevencion.com\/en\/antea-patrocinador-premios-centeneraio-graduado-sociales-100-anos\/\" \/>\r\n<meta property=\"og:locale\" content=\"en_GB\" \/>\r\n<meta property=\"og:type\" content=\"article\" \/>\r\n<meta property=\"og:title\" content=\"Antea patrocinador en los premios centenario de los Graduados Sociales\" \/>\r\n<meta property=\"og:description\" content=\"Antea asisti\u00f3 como patrocinador a la Gala de los Premios Centenario, conmemorando el 100 aniversario de los Graduados Sociales.\" \/>\r\n<meta property=\"og:url\" content=\"https:\/\/www.anteaprevencion.com\/en\/antea-patrocinador-premios-centeneraio-graduado-sociales-100-anos\/\" \/>\r\n<meta property=\"og:site_name\" content=\"Prevenci\u00f3n de Riesgos Laborales | PRL | Antea Prevenci\u00f3n\" \/>\r\n<meta property=\"article:published_time\" content=\"2025-06-02T10:28:53+00:00\" \/>\r\n<meta property=\"article:modified_time\" content=\"2025-06-18T11:48:10+00:00\" \/>\r\n<meta property=\"og:image\" content=\"https:\/\/www.anteaprevencion.com\/wp-content\/uploads\/2025\/06\/Portada-Blog-3.jpg\" \/>\r\n\t<meta property=\"og:image:width\" content=\"1000\" \/>\r\n\t<meta property=\"og:image:height\" content=\"667\" \/>\r\n<meta name=\"twitter:card\" content=\"summary_large_image\" \/>\r\n<meta name=\"twitter:label1\" content=\"Est. reading time\">\n\t<meta name=\"twitter:data1\" content=\"2 minutes\">\r\n<script type=\"application\/ld+json\" class=\"yoast-schema-graph\">{\"@context\":\"https:\/\/schema.org\",\"@graph\":[{\"@type\":\"WebSite\",\"@id\":\"https:\/\/www.anteaprevencion.com\/#website\",\"url\":\"https:\/\/www.anteaprevencion.com\/\",\"name\":\"Prevenci\\u00f3n de Riesgos Laborales | PRL | Antea Prevenci\\u00f3n\",\"description\":\"\",\"potentialAction\":[{\"@type\":\"SearchAction\",\"target\":\"https:\/\/www.anteaprevencion.com\/?s={search_term_string}\",\"query-input\":\"required name=search_term_string\"}],\"inLanguage\":\"en-GB\"},{\"@type\":\"ImageObject\",\"@id\":\"https:\/\/www.anteaprevencion.com\/antea-patrocinador-premios-centeneraio-graduado-sociales-100-anos\/#primaryimage\",\"inLanguage\":\"en-GB\",\"url\":\"https:\/\/www.anteaprevencion.com\/wp-content\/uploads\/2025\/06\/Portada-Blog-3.jpg\",\"width\":1000,\"height\":667},{\"@type\":\"WebPage\",\"@id\":\"https:\/\/www.anteaprevencion.com\/antea-patrocinador-premios-centeneraio-graduado-sociales-100-anos\/#webpage\",\"url\":\"https:\/\/www.anteaprevencion.com\/antea-patrocinador-premios-centeneraio-graduado-sociales-100-anos\/\",\"name\":\"Antea patrocinador en los premios centenario de los Graduados Sociales\",\"isPartOf\":{\"@id\":\"https:\/\/www.anteaprevencion.com\/#website\"},\"primaryImageOfPage\":{\"@id\":\"https:\/\/www.anteaprevencion.com\/antea-patrocinador-premios-centeneraio-graduado-sociales-100-anos\/#primaryimage\"},\"datePublished\":\"2025-06-02T10:28:53+00:00\",\"dateModified\":\"2025-06-18T11:48:10+00:00\",\"author\":{\"@id\":\"https:\/\/www.anteaprevencion.com\/#\/schema\/person\/8d7a0c9df508d945ee11c9833cfb572e\"},\"description\":\"Antea asisti\\u00f3 como patrocinador a la Gala de los Premios Centenario, conmemorando el 100 aniversario de los Graduados Sociales.\",\"breadcrumb\":{\"@id\":\"https:\/\/www.anteaprevencion.com\/antea-patrocinador-premios-centeneraio-graduado-sociales-100-anos\/#breadcrumb\"},\"inLanguage\":\"en-GB\",\"potentialAction\":[{\"@type\":\"ReadAction\",\"target\":[\"https:\/\/www.anteaprevencion.com\/antea-patrocinador-premios-centeneraio-graduado-sociales-100-anos\/\"]}]},{\"@type\":\"BreadcrumbList\",\"@id\":\"https:\/\/www.anteaprevencion.com\/antea-patrocinador-premios-centeneraio-graduado-sociales-100-anos\/#breadcrumb\",\"itemListElement\":[{\"@type\":\"ListItem\",\"position\":1,\"item\":{\"@type\":\"WebPage\",\"@id\":\"https:\/\/www.anteaprevencion.com\/\",\"url\":\"https:\/\/www.anteaprevencion.com\/\",\"name\":\"Portada\"}},{\"@type\":\"ListItem\",\"position\":2,\"item\":{\"@type\":\"WebPage\",\"@id\":\"https:\/\/www.anteaprevencion.com\/antea-patrocinador-premios-centeneraio-graduado-sociales-100-anos\/\",\"url\":\"https:\/\/www.anteaprevencion.com\/antea-patrocinador-premios-centeneraio-graduado-sociales-100-anos\/\",\"name\":\"Antea participa como patrocinador en la Gala de los Premios Centenario por el 100 aniversario de los Graduados Sociales\"}}]},{\"@type\":\"Person\",\"@id\":\"https:\/\/www.anteaprevencion.com\/#\/schema\/person\/8d7a0c9df508d945ee11c9833cfb572e\",\"name\":\"Felipe Castillo\",\"image\":{\"@type\":\"ImageObject\",\"@id\":\"https:\/\/www.anteaprevencion.com\/#personlogo\",\"inLanguage\":\"en-GB\",\"url\":\"https:\/\/secure.gravatar.com\/avatar\/84abdbe79ab2f70bc77798fd1673232d?s=96&d=mm&r=g\",\"caption\":\"Felipe Castillo\"}}]}<\/script>\r\n<!-- \/ Yoast SEO plugin. -->","_links":{"self":[{"href":"https:\/\/www.anteaprevencion.com\/en\/wp-json\/wp\/v2\/posts\/7498"}],"collection":[{"href":"https:\/\/www.anteaprevencion.com\/en\/wp-json\/wp\/v2\/posts"}],"about":[{"href":"https:\/\/www.anteaprevencion.com\/en\/wp-json\/wp\/v2\/types\/post"}],"author":[{"embeddable":true,"href":"https:\/\/www.anteaprevencion.com\/en\/wp-json\/wp\/v2\/users\/3"}],"replies":[{"embeddable":true,"href":"https:\/\/www.anteaprevencion.com\/en\/wp-json\/wp\/v2\/comments?post=7498"}],"version-history":[{"count":5,"href":"https:\/\/www.anteaprevencion.com\/en\/wp-json\/wp\/v2\/posts\/7498\/revisions"}],"predecessor-version":[{"id":7561,"href":"https:\/\/www.anteaprevencion.com\/en\/wp-json\/wp\/v2\/posts\/7498\/revisions\/7561"}],"wp:featuredmedia":[{"embeddable":true,"href":"https:\/\/www.anteaprevencion.com\/en\/wp-json\/wp\/v2\/media\/7560"}],"wp:attachment":[{"href":"https:\/\/www.anteaprevencion.com\/en\/wp-json\/wp\/v2\/media?parent=7498"}],"wp:term":[{"taxonomy":"category","embeddable":true,"href":"https:\/\/www.anteaprevencion.com\/en\/wp-json\/wp\/v2\/categories?post=7498"},{"taxonomy":"post_tag","embeddable":true,"href":"https:\/\/www.anteaprevencion.com\/en\/wp-json\/wp\/v2\/tags?post=7498"}],"curies":[{"name":"wp","href":"https:\/\/api.w.org\/{rel}","templated":true}]}}